{"id":5382,"date":"2026-03-08T11:50:22","date_gmt":"2026-03-08T15:50:22","guid":{"rendered":"https:\/\/periodicolarepublica.com\/?p=5382"},"modified":"2026-03-08T11:50:22","modified_gmt":"2026-03-08T15:50:22","slug":"victor-atallah-destaca-el-rol-fundamental-de-la-mujer-en-el-sector-salud-y-el-desarrollo-del-pais","status":"publish","type":"post","link":"https:\/\/periodicolarepublica.com\/index.php\/2026\/03\/08\/victor-atallah-destaca-el-rol-fundamental-de-la-mujer-en-el-sector-salud-y-el-desarrollo-del-pais\/","title":{"rendered":"*V\u00edctor Atallah destaca el rol fundamental de la mujer en el sector salud y el desarrollo del pa\u00eds*"},"content":{"rendered":"<p>El ministro de salud reconoci\u00f3 a 14 colaboradoras por su dedicaci\u00f3n y aportes institucionales.<\/p>\n<p>*Santo Domingo, R.D. \u2013*Al conmemorarse \u00abD\u00eda Internacional de la Mujer,\u00bb el ministro de Salud, V\u00edctor Atallah, destac\u00f3 el rol fundamental que desempe\u00f1an las mujeres en el \u00e1mbito familiar, social y dentro del sistema sanitario, y reiter\u00f3 el compromiso del Estado de continuar fortaleciendo su participaci\u00f3n, liderazgo y reconocimiento.<\/p>\n<p>&nbsp;<\/p>\n<p>El ministro resalt\u00f3 que una gran parte del personal del sector salud est\u00e1 conformado por mujeres, entre ellas, enfermeras, t\u00e9cnicas y cada vez m\u00e1s m\u00e9dicas especialistas que contribuyen de manera significativa al bienestar de la poblaci\u00f3n.<\/p>\n<p>&nbsp;<\/p>\n<p>Atallah explic\u00f3 que el Ministerio de Salud impulsa pol\u00edticas y acciones orientadas a mejorar la salud materna, prevenir infecciones de transmisi\u00f3n sexual, fortalecer la respuesta al VIH y ampliar las estrategias de prevenci\u00f3n del c\u00e1ncer cervicouterino.<\/p>\n<p>&nbsp;<\/p>\n<p>\u201cCuando protegemos la salud de las mujeres estamos garantizando la salud de toda la familia y de la sociedad\u201d, expres\u00f3.<\/p>\n<p>&nbsp;<\/p>\n<p>Como parte de la conmemoraci\u00f3n, el Ministerio de Salud realiz\u00f3 el seminario \u201cTransversalizaci\u00f3n del Enfoque de G\u00e9nero en Salud: Avances y Desaf\u00edos en la Agenda de Salud, Igualdad y Derechos de las Mujeres en la Rep\u00fablica Dominicana\u201d, con el objetivo de fortalecer la integraci\u00f3n de la perspectiva de g\u00e9nero en las pol\u00edticas, planes y programas del sector.<\/p>\n<p>&nbsp;<\/p>\n<p>La directora de Planificaci\u00f3n y Desarrollo, Rosanna Arias, se\u00f1al\u00f3 que la instituci\u00f3n trabaja para fortalecer el enfoque de g\u00e9nero como eje transversal en las pol\u00edticas p\u00fablicas de salud, en consonancia con la Estrategia Nacional de Desarrollo.<\/p>\n<p>Los paneles abordaron los avances y desaf\u00edos en materia de igualdad de g\u00e9nero en el sistema sanitario . Adem\u00e1s fueron reconocidas 14 colaboradoras del Ministerio de Salud por su dedicaci\u00f3n y aportes institucionales.<\/p>\n<p>&nbsp;<\/p>\n<p>*Prevenci\u00f3n del embarazo en adolescentes*<\/p>\n<p>&nbsp;<\/p>\n<p>La doctora Monika Carri\u00f3n, del Programa de Adolescentes, explic\u00f3 que la prevenci\u00f3n del embarazo en adolescentes requiere un enfoque integral que considere factores sociales, econ\u00f3micos y de g\u00e9nero.<\/p>\n<p>&nbsp;<\/p>\n<p>Entre las acciones impulsadas por el sector salud mencion\u00f3 el fortalecimiento de los servicios de atenci\u00f3n integral para adolescentes en el primer nivel de atenci\u00f3n, la oferta de servicios diferenciados y confidenciales, as\u00ed como el acceso informado a m\u00e9todos anticonceptivos y consejer\u00eda en salud sexual y reproductiva.<\/p>\n<p>&nbsp;<\/p>\n<p>En tanto, el doctor Eliezer Alc\u00e1ntara inform\u00f3 que el Ministerio avanza en la elaboraci\u00f3n de la Pol\u00edtica Nacional de Cuidados Maternos y Neonatales Respetuosos, orientada a garantizar una atenci\u00f3n digna y humanizada durante el embarazo, el parto y el posparto.<\/p>\n<p>&nbsp;<\/p>\n<p>Previo al seminario, el ministro particip\u00f3 en un acto realizado en la explanada del Ministerio de Salud para homenajear a las mujeres que laboran en la instituci\u00f3n.<img loading=\"lazy\" decoding=\"async\" class=\"alignnone size-medium wp-image-5383\" src=\"https:\/\/periodicolarepublica.com\/wp-content\/uploads\/2026\/03\/IMG-20260308-WA0362-300x200.jpg\" alt=\"\" width=\"300\" height=\"200\" srcset=\"https:\/\/periodicolarepublica.com\/wp-content\/uploads\/2026\/03\/IMG-20260308-WA0362-300x200.jpg?v=1772985015 300w, https:\/\/periodicolarepublica.com\/wp-content\/uploads\/2026\/03\/IMG-20260308-WA0362-1024x684.jpg?v=1772985015 1024w, https:\/\/periodicolarepublica.com\/wp-content\/uploads\/2026\/03\/IMG-20260308-WA0362-768x513.jpg?v=1772985015 768w, https:\/\/periodicolarepublica.com\/wp-content\/uploads\/2026\/03\/IMG-20260308-WA0362-1536x1025.jpg?v=1772985015 1536w, https:\/\/periodicolarepublica.com\/wp-content\/uploads\/2026\/03\/IMG-20260308-WA0362-2048x1367.jpg?v=1772985015 2048w, https:\/\/periodicolarepublica.com\/wp-content\/uploads\/2026\/03\/IMG-20260308-WA0362-150x100.jpg?v=1772985015 150w, https:\/\/periodicolarepublica.com\/wp-content\/uploads\/2026\/03\/IMG-20260308-WA0362-600x401.jpg?v=1772985015 600w, https:\/\/periodicolarepublica.com\/wp-content\/uploads\/2026\/03\/IMG-20260308-WA0362-696x465.jpg?v=1772985015 696w, https:\/\/periodicolarepublica.com\/wp-content\/uploads\/2026\/03\/IMG-20260308-WA0362-1392x929.jpg?v=1772985015 1392w, https:\/\/periodicolarepublica.com\/wp-content\/uploads\/2026\/03\/IMG-20260308-WA0362-1068x713.jpg?v=1772985015 1068w, https:\/\/periodicolarepublica.com\/wp-content\/uploads\/2026\/03\/IMG-20260308-WA0362-1920x1282.jpg?v=1772985015 1920w\" sizes=\"auto, (max-width: 300px) 100vw, 300px\" \/><\/p>\n<p>&nbsp;<\/p>\n<p>&nbsp;<\/p>\n","protected":false},"excerpt":{"rendered":"<p>El ministro de salud reconoci\u00f3 a 14 colaboradoras por su dedicaci\u00f3n y aportes institucionales. *Santo Domingo, R.D. \u2013*Al conmemorarse \u00abD\u00eda Internacional de la Mujer,\u00bb el ministro de Salud, V\u00edctor Atallah, destac\u00f3 el rol fundamental que desempe\u00f1an las mujeres en el \u00e1mbito familiar, social y dentro del sistema sanitario, y reiter\u00f3 el compromiso del Estado de [&hellip;]<\/p>\n","protected":false},"author":10,"featured_media":5383,"comment_status":"open","ping_status":"open","sticky":false,"template":"","format":"standard","meta":{"om_disable_all_campaigns":false,"_monsterinsights_skip_tracking":false,"_monsterinsights_sitenote_active":false,"_monsterinsights_sitenote_note":"","_monsterinsights_sitenote_category":0,"footnotes":""},"categories":[1],"tags":[],"class_list":{"0":"post-5382","1":"post","2":"type-post","3":"status-publish","4":"format-standard","5":"has-post-thumbnail","7":"category-nacionales"},"aioseo_notices":[],"_links":{"self":[{"href":"https:\/\/periodicolarepublica.com\/index.php\/wp-json\/wp\/v2\/posts\/5382","targetHints":{"allow":["GET"]}}],"collection":[{"href":"https:\/\/periodicolarepublica.com\/index.php\/wp-json\/wp\/v2\/posts"}],"about":[{"href":"https:\/\/periodicolarepublica.com\/index.php\/wp-json\/wp\/v2\/types\/post"}],"author":[{"embeddable":true,"href":"https:\/\/periodicolarepublica.com\/index.php\/wp-json\/wp\/v2\/users\/10"}],"replies":[{"embeddable":true,"href":"https:\/\/periodicolarepublica.com\/index.php\/wp-json\/wp\/v2\/comments?post=5382"}],"version-history":[{"count":1,"href":"https:\/\/periodicolarepublica.com\/index.php\/wp-json\/wp\/v2\/posts\/5382\/revisions"}],"predecessor-version":[{"id":5384,"href":"https:\/\/periodicolarepublica.com\/index.php\/wp-json\/wp\/v2\/posts\/5382\/revisions\/5384"}],"wp:featuredmedia":[{"embeddable":true,"href":"https:\/\/periodicolarepublica.com\/index.php\/wp-json\/wp\/v2\/media\/5383"}],"wp:attachment":[{"href":"https:\/\/periodicolarepublica.com\/index.php\/wp-json\/wp\/v2\/media?parent=5382"}],"wp:term":[{"taxonomy":"category","embeddable":true,"href":"https:\/\/periodicolarepublica.com\/index.php\/wp-json\/wp\/v2\/categories?post=5382"},{"taxonomy":"post_tag","embeddable":true,"href":"https:\/\/periodicolarepublica.com\/index.php\/wp-json\/wp\/v2\/tags?post=5382"}],"curies":[{"name":"wp","href":"https:\/\/api.w.org\/{rel}","templated":true}]}}