{"id":5388,"date":"2026-03-09T12:27:38","date_gmt":"2026-03-09T16:27:38","guid":{"rendered":"https:\/\/periodicolarepublica.com\/?p=5388"},"modified":"2026-03-09T12:28:36","modified_gmt":"2026-03-09T16:28:36","slug":"5388","status":"publish","type":"post","link":"https:\/\/periodicolarepublica.com\/index.php\/2026\/03\/09\/5388\/","title":{"rendered":"*\u201cJulio Landr\u00f3n y la salud en acci\u00f3n: una gesti\u00f3n que se siente en el terreno\u201d*"},"content":{"rendered":"<p>Por; Jhonatan Brea,<\/p>\n<p>La transformaci\u00f3n del sistema de salud en la Rep\u00fablica Dominicana no solo se mide en estad\u00edsticas o planes estrat\u00e9gicos, sino tambi\u00e9n en el trabajo constante que se realiza directamente en las comunidades. En ese contexto, la gesti\u00f3n del director ejecutivo del Servicio Nacional de Salud, el doctor Julio Landr\u00f3n, ha estado marcada por una presencia activa en el terreno, supervisando, inaugurando y fortaleciendo la red hospitalaria y los Centros de Primer Nivel (CPN) en distintos puntos del pa\u00eds.<\/p>\n<p>&nbsp;<\/p>\n<p>Desde que asumi\u00f3 la direcci\u00f3n del Servicio Nacional de Salud, el doctor Landr\u00f3n ha impulsado una agenda enfocada en acercar los servicios de salud a la gente, especialmente en comunidades que durante a\u00f1os esperaron infraestructuras adecuadas y equipadas. Su estilo de gesti\u00f3n ha sido caracterizado por visitas constantes a hospitales, centros de atenci\u00f3n primaria y obras en construcci\u00f3n, demostrando un compromiso directo con la mejora de la calidad de los servicios m\u00e9dicos.<\/p>\n<p>&nbsp;<\/p>\n<p>Una de las prioridades de esta gesti\u00f3n ha sido el fortalecimiento de los Centros de Primer Nivel, considerados la base del sistema de salud p\u00fablica. Estos centros permiten que miles de ciudadanos reciban atenci\u00f3n m\u00e9dica preventiva, consultas, seguimiento a enfermedades cr\u00f3nicas y orientaci\u00f3n sanitaria sin tener que trasladarse a hospitales de mayor complejidad. Esta visi\u00f3n responde a la estrategia del gobierno encabezado por el presidente Luis Abinader de fortalecer la atenci\u00f3n primaria como pilar del sistema sanitario.<\/p>\n<p>&nbsp;<\/p>\n<p>Durante distintos actos de inauguraci\u00f3n y supervisi\u00f3n de obras, el doctor Landr\u00f3n ha destacado la importancia de invertir en infraestructura sanitaria moderna y funcional. En uno de estos actos, anunci\u00f3 la entrega de un avance de 56 millones de pesos destinados a iniciar de inmediato trabajos de desarrollo y fortalecimiento de la infraestructura de salud, reafirmando el compromiso institucional con el bienestar de las comunidades.<\/p>\n<p>&nbsp;<\/p>\n<p>Dentro de estas acciones concretas, se destaca la inauguraci\u00f3n de un moderno Centro de Primer Nivel en la comunidad de Hoyo de Caimito, en la provincia de Santiago. Esta obra representa un paso importante para mejorar el acceso a servicios m\u00e9dicos en esa zona, beneficiando a cientos de familias que ahora cuentan con un espacio adecuado para recibir atenci\u00f3n m\u00e9dica digna y oportuna.<\/p>\n<p>&nbsp;<\/p>\n<p>Ese mismo d\u00eda, la agenda de trabajo continu\u00f3 en la provincia de La Vega, donde tambi\u00e9n qued\u00f3 inaugurado el Centro de Primer Nivel en el municipio de Bonagua. Esta nueva infraestructura forma parte de los esfuerzos para ampliar la red de atenci\u00f3n primaria en el pa\u00eds, permitiendo que m\u00e1s comunidades tengan acceso cercano a consultas m\u00e9dicas, vacunaci\u00f3n, control prenatal y otros servicios esenciales.<\/p>\n<p>&nbsp;<\/p>\n<p>Pero la agenda de trabajo del director del SNS no se limit\u00f3 a estas inauguraciones. Durante el fin de semana tambi\u00e9n se le pudo ver en la provincia de San Francisco de Macor\u00eds, donde realiz\u00f3 una supervisi\u00f3n al nuevo Hospital Regional Universitario Dr. \u00c1ngel Mar\u00eda Gat\u00f3n, una de las obras hospitalarias m\u00e1s importantes para la regi\u00f3n nordeste del pa\u00eds.Durante este recorrido, el doctor Landr\u00f3n expres\u00f3 que el hospital se encuentra funcionando a su capacidad, ofreciendo servicios de salud modernos y oportunos para dar respuesta a las necesidades de la poblaci\u00f3n de San Francisco de Macor\u00eds y de toda la regi\u00f3n.<\/p>\n<p>&nbsp;<\/p>\n<p>Asimismo, resalt\u00f3 que esta infraestructura representa un avance significativo en la descentralizaci\u00f3n y fortalecimiento de la red hospitalaria nacional.<\/p>\n<p>&nbsp;<\/p>\n<p>La presencia del director del SNS en cada una de estas actividades demuestra una filosof\u00eda de gesti\u00f3n basada en la supervisi\u00f3n directa y el contacto con la realidad de los centros de salud. M\u00e1s que dirigir desde una oficina, el doctor Landr\u00f3n ha apostado por recorrer hospitales y centros m\u00e9dicos para identificar necesidades, evaluar el funcionamiento de los servicios y garantizar que las inversiones del Estado se traduzcan en beneficios reales para la poblaci\u00f3n.<\/p>\n<p>En definitiva, la gesti\u00f3n del doctor Julio Landr\u00f3n representa una etapa de dinamismo en el sistema de salud dominicano.<\/p>\n<p>&nbsp;<\/p>\n<p>Con inauguraciones, supervisiones constantes y recursos destinados a fortalecer la infraestructura sanitaria, su trabajo busca consolidar una red de atenci\u00f3n m\u00e1s cercana, moderna y eficiente, capaz de responder a las necesidades de todos los dominicanos, desde las grandes ciudades hasta los rincones m\u00e1s apartados del pa\u00eds.<img loading=\"lazy\" decoding=\"async\" class=\"size-medium wp-image-5389 alignright\" src=\"https:\/\/periodicolarepublica.com\/wp-content\/uploads\/2026\/03\/Dr.-Julio-Landron-300x300.jpg\" alt=\"\" width=\"300\" height=\"300\" srcset=\"https:\/\/periodicolarepublica.com\/wp-content\/uploads\/2026\/03\/Dr.-Julio-Landron-300x300.jpg?v=1773073649 300w, https:\/\/periodicolarepublica.com\/wp-content\/uploads\/2026\/03\/Dr.-Julio-Landron-150x150.jpg?v=1773073649 150w, https:\/\/periodicolarepublica.com\/wp-content\/uploads\/2026\/03\/Dr.-Julio-Landron-600x600.jpg?v=1773073649 600w, https:\/\/periodicolarepublica.com\/wp-content\/uploads\/2026\/03\/Dr.-Julio-Landron-696x696.jpg?v=1773073649 696w, https:\/\/periodicolarepublica.com\/wp-content\/uploads\/2026\/03\/Dr.-Julio-Landron.jpg?v=1773073649 700w\" sizes=\"auto, (max-width: 300px) 100vw, 300px\" \/><\/p>\n","protected":false},"excerpt":{"rendered":"<p>Por; Jhonatan Brea, La transformaci\u00f3n del sistema de salud en la Rep\u00fablica Dominicana no solo se mide en estad\u00edsticas o planes estrat\u00e9gicos, sino tambi\u00e9n en el trabajo constante que se realiza directamente en las comunidades. En ese contexto, la gesti\u00f3n del director ejecutivo del Servicio Nacional de Salud, el doctor Julio Landr\u00f3n, ha estado marcada [&hellip;]<\/p>\n","protected":false},"author":10,"featured_media":5389,"comment_status":"open","ping_status":"open","sticky":false,"template":"","format":"standard","meta":{"om_disable_all_campaigns":false,"_monsterinsights_skip_tracking":false,"_monsterinsights_sitenote_active":false,"_monsterinsights_sitenote_note":"","_monsterinsights_sitenote_category":0,"footnotes":""},"categories":[1],"tags":[],"class_list":{"0":"post-5388","1":"post","2":"type-post","3":"status-publish","4":"format-standard","5":"has-post-thumbnail","7":"category-nacionales"},"aioseo_notices":[],"_links":{"self":[{"href":"https:\/\/periodicolarepublica.com\/index.php\/wp-json\/wp\/v2\/posts\/5388","targetHints":{"allow":["GET"]}}],"collection":[{"href":"https:\/\/periodicolarepublica.com\/index.php\/wp-json\/wp\/v2\/posts"}],"about":[{"href":"https:\/\/periodicolarepublica.com\/index.php\/wp-json\/wp\/v2\/types\/post"}],"author":[{"embeddable":true,"href":"https:\/\/periodicolarepublica.com\/index.php\/wp-json\/wp\/v2\/users\/10"}],"replies":[{"embeddable":true,"href":"https:\/\/periodicolarepublica.com\/index.php\/wp-json\/wp\/v2\/comments?post=5388"}],"version-history":[{"count":2,"href":"https:\/\/periodicolarepublica.com\/index.php\/wp-json\/wp\/v2\/posts\/5388\/revisions"}],"predecessor-version":[{"id":5391,"href":"https:\/\/periodicolarepublica.com\/index.php\/wp-json\/wp\/v2\/posts\/5388\/revisions\/5391"}],"wp:featuredmedia":[{"embeddable":true,"href":"https:\/\/periodicolarepublica.com\/index.php\/wp-json\/wp\/v2\/media\/5389"}],"wp:attachment":[{"href":"https:\/\/periodicolarepublica.com\/index.php\/wp-json\/wp\/v2\/media?parent=5388"}],"wp:term":[{"taxonomy":"category","embeddable":true,"href":"https:\/\/periodicolarepublica.com\/index.php\/wp-json\/wp\/v2\/categories?post=5388"},{"taxonomy":"post_tag","embeddable":true,"href":"https:\/\/periodicolarepublica.com\/index.php\/wp-json\/wp\/v2\/tags?post=5388"}],"curies":[{"name":"wp","href":"https:\/\/api.w.org\/{rel}","templated":true}]}}