{"id":5395,"date":"2026-03-09T14:29:26","date_gmt":"2026-03-09T18:29:26","guid":{"rendered":"https:\/\/periodicolarepublica.com\/?p=5395"},"modified":"2026-03-09T14:29:26","modified_gmt":"2026-03-09T18:29:26","slug":"tomas-hernandez-alberto-la-economia-dominicana-esta-blindada-ante-cualquier-impacto-de-la-guerra-en-medio-oriente","status":"publish","type":"post","link":"https:\/\/periodicolarepublica.com\/index.php\/2026\/03\/09\/tomas-hernandez-alberto-la-economia-dominicana-esta-blindada-ante-cualquier-impacto-de-la-guerra-en-medio-oriente\/","title":{"rendered":"*Tom\u00e1s Hern\u00e1ndez Alberto: \u201cLa econom\u00eda dominicana est\u00e1 blindada ante cualquier impacto de la guerra en Medio Oriente\u201d*"},"content":{"rendered":"<p>&nbsp;<\/p>\n<p>Dirigente destaca liderazgo y experiencia del presidente Luis Abinader para enfrentar crisis internacionales.<\/p>\n<p>Santo Domingo, Rep\u00fablica Dominicana. \u2013 El dirigente pol\u00edtico Tom\u00e1s Hern\u00e1ndez Alberto asegur\u00f3 que la econom\u00eda dominicana se mantiene s\u00f3lida y preparada para enfrentar cualquier impacto derivado de la guerra que actualmente se desarrolla en el Medio Oriente.<\/p>\n<p>Al ser abordado por periodistas sobre la posibilidad de que el conflicto internacional afecte al pa\u00eds, Hern\u00e1ndez Alberto afirm\u00f3 que la pol\u00edtica econ\u00f3mica impulsada por el gobierno del presidente Luis Abinader mantiene la situaci\u00f3n bajo control y garantiza estabilidad para el pueblo dominicano.<\/p>\n<p>\u201cEl presidente Luis Abinader ha demostrado tener la experiencia y la capacidad para manejar momentos de crisis global. Hoy la Rep\u00fablica Dominicana cuenta con una econom\u00eda fortalecida y con pol\u00edticas responsables que protegen a nuestra gente\u201d, expres\u00f3.<\/p>\n<p>El dirigente pol\u00edtico destac\u00f3 que la gesti\u00f3n del mandatario ha priorizado siempre la estabilidad econ\u00f3mica, la protecci\u00f3n de los servicios esenciales y el bienestar de la poblaci\u00f3n, incluso frente a escenarios internacionales complejos.<\/p>\n<p>Hern\u00e1ndez Alberto subray\u00f3 que gracias a las medidas preventivas adoptadas por el Gobierno, los servicios y la estabilidad econ\u00f3mica del pa\u00eds no se ver\u00e1n afectados, reiterando la confianza en el manejo que realiza el presidente Abinader ante los desaf\u00edos globales.<img loading=\"lazy\" decoding=\"async\" class=\"size-medium wp-image-5396 alignright\" src=\"https:\/\/periodicolarepublica.com\/wp-content\/uploads\/2026\/03\/IMG_20260227_135408-226x300.jpg\" alt=\"\" width=\"226\" height=\"300\" srcset=\"https:\/\/periodicolarepublica.com\/wp-content\/uploads\/2026\/03\/IMG_20260227_135408-226x300.jpg?v=1773080946 226w, https:\/\/periodicolarepublica.com\/wp-content\/uploads\/2026\/03\/IMG_20260227_135408-771x1024.jpg?v=1773080946 771w, https:\/\/periodicolarepublica.com\/wp-content\/uploads\/2026\/03\/IMG_20260227_135408-768x1020.jpg?v=1773080946 768w, https:\/\/periodicolarepublica.com\/wp-content\/uploads\/2026\/03\/IMG_20260227_135408-1157x1536.jpg?v=1773080946 1157w, https:\/\/periodicolarepublica.com\/wp-content\/uploads\/2026\/03\/IMG_20260227_135408-1542x2048.jpg?v=1773080946 1542w, https:\/\/periodicolarepublica.com\/wp-content\/uploads\/2026\/03\/IMG_20260227_135408-150x199.jpg?v=1773080946 150w, https:\/\/periodicolarepublica.com\/wp-content\/uploads\/2026\/03\/IMG_20260227_135408-300x398.jpg?v=1773080946 300w, https:\/\/periodicolarepublica.com\/wp-content\/uploads\/2026\/03\/IMG_20260227_135408-600x797.jpg?v=1773080946 600w, https:\/\/periodicolarepublica.com\/wp-content\/uploads\/2026\/03\/IMG_20260227_135408-696x924.jpg?v=1773080946 696w, https:\/\/periodicolarepublica.com\/wp-content\/uploads\/2026\/03\/IMG_20260227_135408-1392x1849.jpg?v=1773080946 1392w, https:\/\/periodicolarepublica.com\/wp-content\/uploads\/2026\/03\/IMG_20260227_135408-1068x1418.jpg?v=1773080946 1068w, https:\/\/periodicolarepublica.com\/wp-content\/uploads\/2026\/03\/IMG_20260227_135408-1920x2550.jpg?v=1773080946 1920w, https:\/\/periodicolarepublica.com\/wp-content\/uploads\/2026\/03\/IMG_20260227_135408-scaled.jpg?v=1773080946 1928w\" sizes=\"auto, (max-width: 226px) 100vw, 226px\" \/><\/p>\n","protected":false},"excerpt":{"rendered":"<p>&nbsp; Dirigente destaca liderazgo y experiencia del presidente Luis Abinader para enfrentar crisis internacionales. Santo Domingo, Rep\u00fablica Dominicana. \u2013 El dirigente pol\u00edtico Tom\u00e1s Hern\u00e1ndez Alberto asegur\u00f3 que la econom\u00eda dominicana se mantiene s\u00f3lida y preparada para enfrentar cualquier impacto derivado de la guerra que actualmente se desarrolla en el Medio Oriente. Al ser abordado por [&hellip;]<\/p>\n","protected":false},"author":10,"featured_media":5396,"comment_status":"open","ping_status":"open","sticky":false,"template":"","format":"standard","meta":{"om_disable_all_campaigns":false,"_monsterinsights_skip_tracking":false,"_monsterinsights_sitenote_active":false,"_monsterinsights_sitenote_note":"","_monsterinsights_sitenote_category":0,"footnotes":""},"categories":[1],"tags":[163],"class_list":{"0":"post-5395","1":"post","2":"type-post","3":"status-publish","4":"format-standard","5":"has-post-thumbnail","7":"category-nacionales","8":"tag-tomas-hernandez-alberto"},"aioseo_notices":[],"_links":{"self":[{"href":"https:\/\/periodicolarepublica.com\/index.php\/wp-json\/wp\/v2\/posts\/5395","targetHints":{"allow":["GET"]}}],"collection":[{"href":"https:\/\/periodicolarepublica.com\/index.php\/wp-json\/wp\/v2\/posts"}],"about":[{"href":"https:\/\/periodicolarepublica.com\/index.php\/wp-json\/wp\/v2\/types\/post"}],"author":[{"embeddable":true,"href":"https:\/\/periodicolarepublica.com\/index.php\/wp-json\/wp\/v2\/users\/10"}],"replies":[{"embeddable":true,"href":"https:\/\/periodicolarepublica.com\/index.php\/wp-json\/wp\/v2\/comments?post=5395"}],"version-history":[{"count":1,"href":"https:\/\/periodicolarepublica.com\/index.php\/wp-json\/wp\/v2\/posts\/5395\/revisions"}],"predecessor-version":[{"id":5397,"href":"https:\/\/periodicolarepublica.com\/index.php\/wp-json\/wp\/v2\/posts\/5395\/revisions\/5397"}],"wp:featuredmedia":[{"embeddable":true,"href":"https:\/\/periodicolarepublica.com\/index.php\/wp-json\/wp\/v2\/media\/5396"}],"wp:attachment":[{"href":"https:\/\/periodicolarepublica.com\/index.php\/wp-json\/wp\/v2\/media?parent=5395"}],"wp:term":[{"taxonomy":"category","embeddable":true,"href":"https:\/\/periodicolarepublica.com\/index.php\/wp-json\/wp\/v2\/categories?post=5395"},{"taxonomy":"post_tag","embeddable":true,"href":"https:\/\/periodicolarepublica.com\/index.php\/wp-json\/wp\/v2\/tags?post=5395"}],"curies":[{"name":"wp","href":"https:\/\/api.w.org\/{rel}","templated":true}]}}