{"id":540,"date":"2024-04-03T18:53:48","date_gmt":"2024-04-03T16:53:48","guid":{"rendered":"https:\/\/periodicolarepublica.com\/?p=540"},"modified":"2024-04-03T18:54:20","modified_gmt":"2024-04-03T16:54:20","slug":"el-ingeniero-tomas-hernandez-alberto-lider-del-movimiento-politico-poder-pal-pueblo-elogia-las-acciones-del-presidente-luis-abinader-y-destaca-su-mejora-como-candidato-en-comparacion-con-el-ano-20","status":"publish","type":"post","link":"https:\/\/periodicolarepublica.com\/index.php\/2024\/04\/03\/el-ingeniero-tomas-hernandez-alberto-lider-del-movimiento-politico-poder-pal-pueblo-elogia-las-acciones-del-presidente-luis-abinader-y-destaca-su-mejora-como-candidato-en-comparacion-con-el-ano-20\/","title":{"rendered":"El Ingeniero Tom\u00e1s Hern\u00e1ndez Alberto, l\u00edder del Movimiento Pol\u00edtico Poder PA&#8217;L Pueblo, elogia las acciones del presidente Luis Abinader y destaca su mejora como candidato en comparaci\u00f3n con el a\u00f1o 2020."},"content":{"rendered":"\r\n<p><img loading=\"lazy\" decoding=\"async\" class=\"alignnone size-medium wp-image-514\" src=\"https:\/\/periodicolarepublica.com\/wp-content\/uploads\/2024\/03\/IMG-20240202-WA0409-300x205.jpg\" alt=\"\" width=\"300\" height=\"205\" srcset=\"https:\/\/periodicolarepublica.com\/wp-content\/uploads\/2024\/03\/IMG-20240202-WA0409-300x205.jpg?v=1715379806 300w, https:\/\/periodicolarepublica.com\/wp-content\/uploads\/2024\/03\/IMG-20240202-WA0409-1024x698.jpg?v=1715379806 1024w, https:\/\/periodicolarepublica.com\/wp-content\/uploads\/2024\/03\/IMG-20240202-WA0409-768x524.jpg?v=1715379806 768w, https:\/\/periodicolarepublica.com\/wp-content\/uploads\/2024\/03\/IMG-20240202-WA0409-150x102.jpg?v=1715379806 150w, https:\/\/periodicolarepublica.com\/wp-content\/uploads\/2024\/03\/IMG-20240202-WA0409-218x150.jpg?v=1715379806 218w, https:\/\/periodicolarepublica.com\/wp-content\/uploads\/2024\/03\/IMG-20240202-WA0409-436x300.jpg?v=1715379806 436w, https:\/\/periodicolarepublica.com\/wp-content\/uploads\/2024\/03\/IMG-20240202-WA0409-600x409.jpg?v=1715379806 600w, https:\/\/periodicolarepublica.com\/wp-content\/uploads\/2024\/03\/IMG-20240202-WA0409-696x475.jpg?v=1715379806 696w, https:\/\/periodicolarepublica.com\/wp-content\/uploads\/2024\/03\/IMG-20240202-WA0409-1068x728.jpg?v=1715379806 1068w, https:\/\/periodicolarepublica.com\/wp-content\/uploads\/2024\/03\/IMG-20240202-WA0409.jpg?v=1715379806 1236w\" sizes=\"auto, (max-width: 300px) 100vw, 300px\" \/>Santo Domingo-El Ingeniero Tom\u00e1s Hern\u00e1ndez Alberto, presidente del Movimiento Pol\u00edtico Poder PA&#8217;L Pueblo, expres\u00f3 sus opiniones en el programa \u00abNo se Diga M\u00e1s\u00bb durante la ma\u00f1ana de este mi\u00e9rcoles. Durante la entrevista, el Ingeniero Hern\u00e1ndez Alberto comparti\u00f3 su visi\u00f3n sobre el presidente Luis Abinader y afirm\u00f3 que el l\u00edder actual ha demostrado ser un candidato considerablemente mejor en comparaci\u00f3n con el a\u00f1o 2020. <br \/><br \/>El l\u00edder pol\u00edtico elogi\u00f3 las acciones y decisiones tomadas por el presidente Abinader desde que asumi\u00f3 el cargo. Seg\u00fan el Ingeniero Hern\u00e1ndez Alberto, los hechos han demostrado que el presidente Abinader ha estado trabajando arduamente para impulsar el desarrollo y el bienestar de la poblaci\u00f3n dominicana. En su declaraci\u00f3n, el presidente del Movimiento Pol\u00edtico Poder PA&#8217;L Pueblo destac\u00f3 el compromiso del presidente Abinader con la transparencia, la gobernabilidad eficiente y la lucha contra la corrupci\u00f3n. <br \/><br \/>El Ingeniero Hern\u00e1ndez Alberto tambi\u00e9n hizo hincapi\u00e9 en la mejora personal del presidente Abinader como candidato. El l\u00edder del Movimiento Pol\u00edtico Poder PA&#8217;L Pueblo afirm\u00f3 que el presidente ha demostrado un crecimiento sustancial en su capacidad de liderazgo y toma de decisiones, lo cual ha resultado en un beneficio directo para la naci\u00f3n. <br \/><br \/>El Movimiento Pol\u00edtico Poder PA&#8217;L Pueblo, bajo la direcci\u00f3n del Ingeniero Tom\u00e1s Hern\u00e1ndez Alberto, ha expresado su apoyo al presidente Abinader y su compromiso de trabajar en conjunto para promover el progreso y el bienestar del pueblo dominicano. <br \/><br \/>El Ingeniero Hern\u00e1ndez Alberto concluy\u00f3 su intervenci\u00f3n en el programa \u00abNo se Diga M\u00e1s\u00bb reiterando su convicci\u00f3n de que el presidente Luis Abinader es ahora un candidato 1000 veces mejor que en el a\u00f1o 2020, y que sus logros y acciones son un testimonio claro de ello.<\/p>\r\n","protected":false},"excerpt":{"rendered":"<p>Santo Domingo-El Ingeniero Tom\u00e1s Hern\u00e1ndez Alberto, presidente del Movimiento Pol\u00edtico Poder PA&#8217;L Pueblo, expres\u00f3 sus opiniones en el programa \u00abNo se Diga M\u00e1s\u00bb durante la ma\u00f1ana de este mi\u00e9rcoles. Durante la entrevista, el Ingeniero Hern\u00e1ndez Alberto comparti\u00f3 su visi\u00f3n sobre el presidente Luis Abinader y afirm\u00f3 que el l\u00edder actual ha demostrado ser un candidato [&hellip;]<\/p>\n","protected":false},"author":6,"featured_media":514,"comment_status":"open","ping_status":"open","sticky":false,"template":"","format":"standard","meta":{"om_disable_all_campaigns":false,"_monsterinsights_skip_tracking":false,"_monsterinsights_sitenote_active":false,"_monsterinsights_sitenote_note":"","_monsterinsights_sitenote_category":0,"footnotes":""},"categories":[1],"tags":[],"class_list":{"0":"post-540","1":"post","2":"type-post","3":"status-publish","4":"format-standard","5":"has-post-thumbnail","7":"category-nacionales"},"aioseo_notices":[],"_links":{"self":[{"href":"https:\/\/periodicolarepublica.com\/index.php\/wp-json\/wp\/v2\/posts\/540","targetHints":{"allow":["GET"]}}],"collection":[{"href":"https:\/\/periodicolarepublica.com\/index.php\/wp-json\/wp\/v2\/posts"}],"about":[{"href":"https:\/\/periodicolarepublica.com\/index.php\/wp-json\/wp\/v2\/types\/post"}],"author":[{"embeddable":true,"href":"https:\/\/periodicolarepublica.com\/index.php\/wp-json\/wp\/v2\/users\/6"}],"replies":[{"embeddable":true,"href":"https:\/\/periodicolarepublica.com\/index.php\/wp-json\/wp\/v2\/comments?post=540"}],"version-history":[{"count":2,"href":"https:\/\/periodicolarepublica.com\/index.php\/wp-json\/wp\/v2\/posts\/540\/revisions"}],"predecessor-version":[{"id":548,"href":"https:\/\/periodicolarepublica.com\/index.php\/wp-json\/wp\/v2\/posts\/540\/revisions\/548"}],"wp:featuredmedia":[{"embeddable":true,"href":"https:\/\/periodicolarepublica.com\/index.php\/wp-json\/wp\/v2\/media\/514"}],"wp:attachment":[{"href":"https:\/\/periodicolarepublica.com\/index.php\/wp-json\/wp\/v2\/media?parent=540"}],"wp:term":[{"taxonomy":"category","embeddable":true,"href":"https:\/\/periodicolarepublica.com\/index.php\/wp-json\/wp\/v2\/categories?post=540"},{"taxonomy":"post_tag","embeddable":true,"href":"https:\/\/periodicolarepublica.com\/index.php\/wp-json\/wp\/v2\/tags?post=540"}],"curies":[{"name":"wp","href":"https:\/\/api.w.org\/{rel}","templated":true}]}}