{"id":5401,"date":"2026-03-10T16:14:55","date_gmt":"2026-03-10T20:14:55","guid":{"rendered":"https:\/\/periodicolarepublica.com\/?p=5401"},"modified":"2026-03-10T16:14:55","modified_gmt":"2026-03-10T20:14:55","slug":"director-del-sns-llega-sin-previo-aviso-al-hospital-presidente-estrella-urena-para-evaluar-su-funcionamiento","status":"publish","type":"post","link":"https:\/\/periodicolarepublica.com\/index.php\/2026\/03\/10\/director-del-sns-llega-sin-previo-aviso-al-hospital-presidente-estrella-urena-para-evaluar-su-funcionamiento\/","title":{"rendered":"*\u201cDirector del SNS llega sin previo aviso al Hospital Presidente Estrella Ure\u00f1a para evaluar su funcionamiento\u201d*"},"content":{"rendered":"<p>Director del SNS contin\u00faa recorriendo hospitales del pa\u00eds para garantizar calidad, eficiencia y atenci\u00f3n digna a la poblaci\u00f3n.<\/p>\n<p>Santiago de los Caballeros.\u2013 En una muestra de su estilo de gesti\u00f3n cercano y de supervisi\u00f3n permanente, el director ejecutivo del Servicio Nacional de Salud (SNS), Dr. Julio Landr\u00f3n, realiz\u00f3 una visita sorpresa al Hospital Regional Presidente Estrella Ure\u00f1a, con el prop\u00f3sito de constatar personalmente el funcionamiento de los servicios y la calidad de las atenciones ofrecidas a los pacientes.<\/p>\n<p>Durante el recorrido por el centro hospitalario, Landr\u00f3n inspeccion\u00f3 \u00e1reas estrat\u00e9gicas como Emergencia, Unidad de Cuidados Intensivos (UCI), quir\u00f3fanos y consultas externas, evaluando de primera mano la operatividad del hospital, el desempe\u00f1o del personal de salud y las condiciones en que se brinda la atenci\u00f3n m\u00e9dica.<\/p>\n<p>El titular del SNS tambi\u00e9n sostuvo un di\u00e1logo directo con pacientes y familiares, quienes valoraron positivamente las atenciones recibidas en este importante hospital que forma parte del Servicio Regional de Salud Cibao Norte.<\/p>\n<p>Con este tipo de visitas no coordinadas, Julio Landr\u00f3n consolida una gesti\u00f3n caracterizada por la presencia constante en los hospitales y la supervisi\u00f3n directa de los servicios, lo que ha permitido fortalecer la capacidad de respuesta de la Red P\u00fablica de Salud en beneficio de miles de dominicanos.<\/p>\n<p>\u201cNuestra responsabilidad es estar en el terreno, supervisando y escuchando tanto al personal de salud como a los pacientes, para seguir garantizando servicios m\u00e1s humanos, eficientes y de calidad\u201d, expres\u00f3 el director del SNS.<\/p>\n<p>Estas acciones forman parte de la estrategia que impulsa la actual gesti\u00f3n del Servicio Nacional de Salud para modernizar, fortalecer y optimizar la red hospitalaria del pa\u00eds, reafirmando el compromiso de continuar elevando los est\u00e1ndares de atenci\u00f3n en todos los centros de la Red P\u00fablica de Salud.<img loading=\"lazy\" decoding=\"async\" class=\"alignnone size-medium wp-image-5402\" src=\"https:\/\/periodicolarepublica.com\/wp-content\/uploads\/2026\/03\/IMG_20260310_145942-300x233.jpg\" alt=\"\" width=\"300\" height=\"233\" srcset=\"https:\/\/periodicolarepublica.com\/wp-content\/uploads\/2026\/03\/IMG_20260310_145942-300x233.jpg?v=1773173679 300w, https:\/\/periodicolarepublica.com\/wp-content\/uploads\/2026\/03\/IMG_20260310_145942-768x597.jpg?v=1773173679 768w, https:\/\/periodicolarepublica.com\/wp-content\/uploads\/2026\/03\/IMG_20260310_145942-150x117.jpg?v=1773173679 150w, https:\/\/periodicolarepublica.com\/wp-content\/uploads\/2026\/03\/IMG_20260310_145942-600x467.jpg?v=1773173679 600w, https:\/\/periodicolarepublica.com\/wp-content\/uploads\/2026\/03\/IMG_20260310_145942-696x541.jpg?v=1773173679 696w, https:\/\/periodicolarepublica.com\/wp-content\/uploads\/2026\/03\/IMG_20260310_145942.jpg?v=1773173679 905w\" sizes=\"auto, (max-width: 300px) 100vw, 300px\" \/><\/p>\n","protected":false},"excerpt":{"rendered":"<p>Director del SNS contin\u00faa recorriendo hospitales del pa\u00eds para garantizar calidad, eficiencia y atenci\u00f3n digna a la poblaci\u00f3n. Santiago de los Caballeros.\u2013 En una muestra de su estilo de gesti\u00f3n cercano y de supervisi\u00f3n permanente, el director ejecutivo del Servicio Nacional de Salud (SNS), Dr. Julio Landr\u00f3n, realiz\u00f3 una visita sorpresa al Hospital Regional Presidente [&hellip;]<\/p>\n","protected":false},"author":10,"featured_media":5402,"comment_status":"open","ping_status":"open","sticky":false,"template":"","format":"standard","meta":{"om_disable_all_campaigns":false,"_monsterinsights_skip_tracking":false,"_monsterinsights_sitenote_active":false,"_monsterinsights_sitenote_note":"","_monsterinsights_sitenote_category":0,"footnotes":""},"categories":[1],"tags":[],"class_list":{"0":"post-5401","1":"post","2":"type-post","3":"status-publish","4":"format-standard","5":"has-post-thumbnail","7":"category-nacionales"},"aioseo_notices":[],"_links":{"self":[{"href":"https:\/\/periodicolarepublica.com\/index.php\/wp-json\/wp\/v2\/posts\/5401","targetHints":{"allow":["GET"]}}],"collection":[{"href":"https:\/\/periodicolarepublica.com\/index.php\/wp-json\/wp\/v2\/posts"}],"about":[{"href":"https:\/\/periodicolarepublica.com\/index.php\/wp-json\/wp\/v2\/types\/post"}],"author":[{"embeddable":true,"href":"https:\/\/periodicolarepublica.com\/index.php\/wp-json\/wp\/v2\/users\/10"}],"replies":[{"embeddable":true,"href":"https:\/\/periodicolarepublica.com\/index.php\/wp-json\/wp\/v2\/comments?post=5401"}],"version-history":[{"count":1,"href":"https:\/\/periodicolarepublica.com\/index.php\/wp-json\/wp\/v2\/posts\/5401\/revisions"}],"predecessor-version":[{"id":5403,"href":"https:\/\/periodicolarepublica.com\/index.php\/wp-json\/wp\/v2\/posts\/5401\/revisions\/5403"}],"wp:featuredmedia":[{"embeddable":true,"href":"https:\/\/periodicolarepublica.com\/index.php\/wp-json\/wp\/v2\/media\/5402"}],"wp:attachment":[{"href":"https:\/\/periodicolarepublica.com\/index.php\/wp-json\/wp\/v2\/media?parent=5401"}],"wp:term":[{"taxonomy":"category","embeddable":true,"href":"https:\/\/periodicolarepublica.com\/index.php\/wp-json\/wp\/v2\/categories?post=5401"},{"taxonomy":"post_tag","embeddable":true,"href":"https:\/\/periodicolarepublica.com\/index.php\/wp-json\/wp\/v2\/tags?post=5401"}],"curies":[{"name":"wp","href":"https:\/\/api.w.org\/{rel}","templated":true}]}}