{"id":5410,"date":"2026-03-13T18:52:53","date_gmt":"2026-03-13T22:52:53","guid":{"rendered":"https:\/\/periodicolarepublica.com\/?p=5410"},"modified":"2026-03-13T18:52:53","modified_gmt":"2026-03-13T22:52:53","slug":"director-del-servicio-nacional-de-salud-reafirma-que-hospitales-publicos-son-espacios-seguros-para-la-ciudadania","status":"publish","type":"post","link":"https:\/\/periodicolarepublica.com\/index.php\/2026\/03\/13\/director-del-servicio-nacional-de-salud-reafirma-que-hospitales-publicos-son-espacios-seguros-para-la-ciudadania\/","title":{"rendered":"*Director del Servicio Nacional de Salud reafirma que hospitales p\u00fablicos son espacios seguros para la ciudadan\u00eda*"},"content":{"rendered":"<p>Santo Domingo,\u2013 El director ejecutivo del Servicio Nacional de Salud (SNS), Julio Landr\u00f3n, reafirm\u00f3 que los hospitales p\u00fablicos del pa\u00eds cuentan con las condiciones necesarias de seguridad para que la ciudadan\u00eda acuda con total confianza a recibir atenci\u00f3n m\u00e9dica.<\/p>\n<p>&nbsp;<\/p>\n<p>&nbsp;<\/p>\n<p>El titular del SNS asegur\u00f3 que, desde la instituci\u00f3n, se trabaja de manera permanente para garantizar la tranquilidad de los pacientes, familiares y del personal de salud en cada centro hospitalario de la Red P\u00fablica.<\/p>\n<p>&nbsp;<\/p>\n<p>\u201cQueremos que la poblaci\u00f3n tenga la plena seguridad de que nuestros hospitales son espacios de atenci\u00f3n, protecci\u00f3n y servicio. En cada centro de salud estamos comprometidos con brindar asistencia m\u00e9dica con calidad, respeto y en un ambiente seguro para todos\u201d, expres\u00f3 Landr\u00f3n.<\/p>\n<p>&nbsp;<\/p>\n<p>&nbsp;<\/p>\n<p>Indic\u00f3 que el SNS mantiene coordinaci\u00f3n constante con los organismos correspondientes para fortalecer las medidas de seguridad en los hospitales, como parte de los esfuerzos para garantizar un servicio de salud digno y confiable para la poblaci\u00f3n dominicana.<\/p>\n<p>&nbsp;<\/p>\n<p>&nbsp;<\/p>\n<p>El funcionario reiter\u00f3 que los ciudadanos pueden asistir sin temor a sus citas m\u00e9dicas, consultas o procedimientos en cualquiera de los hospitales de la Red P\u00fablica, donde se les garantiza atenci\u00f3n oportuna y en un entorno adecuado.<\/p>\n<p>&nbsp;<\/p>\n<p>Asimismo, destac\u00f3 el compromiso del personal m\u00e9dico, de enfermer\u00eda y administrativo que diariamente trabaja para ofrecer servicios de salud con vocaci\u00f3n y responsabilidad.<\/p>\n<p>&nbsp;<\/p>\n<p>El director del SNS reiter\u00f3 que la instituci\u00f3n continuar\u00e1 fortaleciendo las acciones necesarias para asegurar que cada hospital del pa\u00eds siga siendo un espacio seguro y de confianza para todos los dominicanos.<img loading=\"lazy\" decoding=\"async\" class=\"size-medium wp-image-5411 alignright\" src=\"https:\/\/periodicolarepublica.com\/wp-content\/uploads\/2026\/03\/IMG-20231020-WA00182-300x200.jpg\" alt=\"\" width=\"300\" height=\"200\" srcset=\"https:\/\/periodicolarepublica.com\/wp-content\/uploads\/2026\/03\/IMG-20231020-WA00182-300x200.jpg?v=1773442362 300w, https:\/\/periodicolarepublica.com\/wp-content\/uploads\/2026\/03\/IMG-20231020-WA00182-1024x682.jpg?v=1773442362 1024w, https:\/\/periodicolarepublica.com\/wp-content\/uploads\/2026\/03\/IMG-20231020-WA00182-768x512.jpg?v=1773442362 768w, https:\/\/periodicolarepublica.com\/wp-content\/uploads\/2026\/03\/IMG-20231020-WA00182-150x100.jpg?v=1773442362 150w, https:\/\/periodicolarepublica.com\/wp-content\/uploads\/2026\/03\/IMG-20231020-WA00182-600x400.jpg?v=1773442362 600w, https:\/\/periodicolarepublica.com\/wp-content\/uploads\/2026\/03\/IMG-20231020-WA00182-696x464.jpg?v=1773442362 696w, https:\/\/periodicolarepublica.com\/wp-content\/uploads\/2026\/03\/IMG-20231020-WA00182-1068x712.jpg?v=1773442362 1068w, https:\/\/periodicolarepublica.com\/wp-content\/uploads\/2026\/03\/IMG-20231020-WA00182.jpg?v=1773442362 1280w\" sizes=\"auto, (max-width: 300px) 100vw, 300px\" \/><\/p>\n","protected":false},"excerpt":{"rendered":"<p>Santo Domingo,\u2013 El director ejecutivo del Servicio Nacional de Salud (SNS), Julio Landr\u00f3n, reafirm\u00f3 que los hospitales p\u00fablicos del pa\u00eds cuentan con las condiciones necesarias de seguridad para que la ciudadan\u00eda acuda con total confianza a recibir atenci\u00f3n m\u00e9dica. &nbsp; &nbsp; El titular del SNS asegur\u00f3 que, desde la instituci\u00f3n, se trabaja de manera permanente [&hellip;]<\/p>\n","protected":false},"author":10,"featured_media":5411,"comment_status":"open","ping_status":"open","sticky":false,"template":"","format":"standard","meta":{"om_disable_all_campaigns":false,"_monsterinsights_skip_tracking":false,"_monsterinsights_sitenote_active":false,"_monsterinsights_sitenote_note":"","_monsterinsights_sitenote_category":0,"footnotes":""},"categories":[1],"tags":[],"class_list":{"0":"post-5410","1":"post","2":"type-post","3":"status-publish","4":"format-standard","5":"has-post-thumbnail","7":"category-nacionales"},"aioseo_notices":[],"_links":{"self":[{"href":"https:\/\/periodicolarepublica.com\/index.php\/wp-json\/wp\/v2\/posts\/5410","targetHints":{"allow":["GET"]}}],"collection":[{"href":"https:\/\/periodicolarepublica.com\/index.php\/wp-json\/wp\/v2\/posts"}],"about":[{"href":"https:\/\/periodicolarepublica.com\/index.php\/wp-json\/wp\/v2\/types\/post"}],"author":[{"embeddable":true,"href":"https:\/\/periodicolarepublica.com\/index.php\/wp-json\/wp\/v2\/users\/10"}],"replies":[{"embeddable":true,"href":"https:\/\/periodicolarepublica.com\/index.php\/wp-json\/wp\/v2\/comments?post=5410"}],"version-history":[{"count":1,"href":"https:\/\/periodicolarepublica.com\/index.php\/wp-json\/wp\/v2\/posts\/5410\/revisions"}],"predecessor-version":[{"id":5412,"href":"https:\/\/periodicolarepublica.com\/index.php\/wp-json\/wp\/v2\/posts\/5410\/revisions\/5412"}],"wp:featuredmedia":[{"embeddable":true,"href":"https:\/\/periodicolarepublica.com\/index.php\/wp-json\/wp\/v2\/media\/5411"}],"wp:attachment":[{"href":"https:\/\/periodicolarepublica.com\/index.php\/wp-json\/wp\/v2\/media?parent=5410"}],"wp:term":[{"taxonomy":"category","embeddable":true,"href":"https:\/\/periodicolarepublica.com\/index.php\/wp-json\/wp\/v2\/categories?post=5410"},{"taxonomy":"post_tag","embeddable":true,"href":"https:\/\/periodicolarepublica.com\/index.php\/wp-json\/wp\/v2\/tags?post=5410"}],"curies":[{"name":"wp","href":"https:\/\/api.w.org\/{rel}","templated":true}]}}