{"id":5413,"date":"2026-03-15T09:21:19","date_gmt":"2026-03-15T13:21:19","guid":{"rendered":"https:\/\/periodicolarepublica.com\/?p=5413"},"modified":"2026-03-15T09:21:19","modified_gmt":"2026-03-15T13:21:19","slug":"skyhigh-conecta-santo-domingo-con-suriname-y-fortalece-el-turismo-del-caribe","status":"publish","type":"post","link":"https:\/\/periodicolarepublica.com\/index.php\/2026\/03\/15\/skyhigh-conecta-santo-domingo-con-suriname-y-fortalece-el-turismo-del-caribe\/","title":{"rendered":"SkyHigh conecta Santo Domingo con Suriname y fortalece el turismo del Caribe"},"content":{"rendered":"<p>La conectividad a\u00e9rea sigue fortaleciendo el posicionamiento de la Rep\u00fablica Dominicana como uno de los destinos tur\u00edsticos m\u00e1s importantes del Caribe. La nueva conexi\u00f3n entre Santo Domingo y Suriname, operada por la aerol\u00ednea Sky High Dominicana y que representa una oportunidad estrat\u00e9gica para impulsar el intercambio tur\u00edstico, cultural y comercial entre ambas naciones.<\/p>\n<p>Los vuelos iniciar\u00e1n a partir del 16 de abril, creando nuevas oportunidades para el intercambio tur\u00edstico, cultural y comercial entre ambos destinos.<\/p>\n<p>Esta ruta directa entre Santo Domingo y la ciudad de Paramaribo permite a los viajeros descubrir un destino lleno de historia, cultura y diversidad. Los vuelos directos fortalecen la conectividad del Caribe con Am\u00e9rica del Sur, facilitando el flujo de turistas y ampliando las opciones de viaje en la regi\u00f3n.<\/p>\n<p>Santo Domingo contin\u00faa posicion\u00e1ndose como una puerta de entrada clave del Caribe, ofreciendo a los visitantes historia, cultura, gastronom\u00eda y una vibrante vida urbana. Esta nueva conexi\u00f3n permitir\u00e1 adem\u00e1s que m\u00e1s viajeros descubran la diversidad cultural y natural de Suriname, ampliando las opciones de turismo en la regi\u00f3n.<\/p>\n<p>Con esta iniciativa, Sky High sigue impulsando el desarrollo del turismo y la integraci\u00f3n entre destinos del Caribe y Sudam\u00e9rica, adem\u00e1s del alcance de la aviaci\u00f3n Dominicana.<\/p>\n<p>Editorial<\/p>\n<p>M\u00e1ximo Mi\u00f1oso<\/p>\n<p>Director Medio La Rep\u00fablica<\/p>\n<figure id=\"attachment_5417\" aria-describedby=\"caption-attachment-5417\" style=\"width: 300px\" class=\"wp-caption alignnone\"><img loading=\"lazy\" decoding=\"async\" class=\"size-medium wp-image-5417\" src=\"https:\/\/periodicolarepublica.com\/wp-content\/uploads\/2026\/03\/Blue-and-White-Modern-Tech-Conference-Instagram-Post-81-e1773580839741-300x294.png\" alt=\"\" width=\"300\" height=\"294\" srcset=\"https:\/\/periodicolarepublica.com\/wp-content\/uploads\/2026\/03\/Blue-and-White-Modern-Tech-Conference-Instagram-Post-81-e1773580839741-300x294.png 300w, https:\/\/periodicolarepublica.com\/wp-content\/uploads\/2026\/03\/Blue-and-White-Modern-Tech-Conference-Instagram-Post-81-e1773580839741-150x147.png 150w, https:\/\/periodicolarepublica.com\/wp-content\/uploads\/2026\/03\/Blue-and-White-Modern-Tech-Conference-Instagram-Post-81-e1773580839741.png 322w\" sizes=\"auto, (max-width: 300px) 100vw, 300px\" \/><figcaption id=\"caption-attachment-5417\" class=\"wp-caption-text\">Skyhigh<\/figcaption><\/figure>\n<p>&nbsp;<\/p>\n<p>&nbsp;<\/p>\n<p>&nbsp;<\/p>\n","protected":false},"excerpt":{"rendered":"<p>La conectividad a\u00e9rea sigue fortaleciendo el posicionamiento de la Rep\u00fablica Dominicana como uno de los destinos tur\u00edsticos m\u00e1s importantes del Caribe. La nueva conexi\u00f3n entre Santo Domingo y Suriname, operada por la aerol\u00ednea Sky High Dominicana y que representa una oportunidad estrat\u00e9gica para impulsar el intercambio tur\u00edstico, cultural y comercial entre ambas naciones. Los vuelos [&hellip;]<\/p>\n","protected":false},"author":1,"featured_media":5417,"comment_status":"open","ping_status":"open","sticky":false,"template":"","format":"standard","meta":{"om_disable_all_campaigns":false,"_monsterinsights_skip_tracking":false,"_monsterinsights_sitenote_active":false,"_monsterinsights_sitenote_note":"","_monsterinsights_sitenote_category":0,"footnotes":""},"categories":[442,1],"tags":[],"class_list":{"0":"post-5413","1":"post","2":"type-post","3":"status-publish","4":"format-standard","5":"has-post-thumbnail","7":"category-editorial","8":"category-nacionales"},"aioseo_notices":[],"_links":{"self":[{"href":"https:\/\/periodicolarepublica.com\/index.php\/wp-json\/wp\/v2\/posts\/5413","targetHints":{"allow":["GET"]}}],"collection":[{"href":"https:\/\/periodicolarepublica.com\/index.php\/wp-json\/wp\/v2\/posts"}],"about":[{"href":"https:\/\/periodicolarepublica.com\/index.php\/wp-json\/wp\/v2\/types\/post"}],"author":[{"embeddable":true,"href":"https:\/\/periodicolarepublica.com\/index.php\/wp-json\/wp\/v2\/users\/1"}],"replies":[{"embeddable":true,"href":"https:\/\/periodicolarepublica.com\/index.php\/wp-json\/wp\/v2\/comments?post=5413"}],"version-history":[{"count":1,"href":"https:\/\/periodicolarepublica.com\/index.php\/wp-json\/wp\/v2\/posts\/5413\/revisions"}],"predecessor-version":[{"id":5418,"href":"https:\/\/periodicolarepublica.com\/index.php\/wp-json\/wp\/v2\/posts\/5413\/revisions\/5418"}],"wp:featuredmedia":[{"embeddable":true,"href":"https:\/\/periodicolarepublica.com\/index.php\/wp-json\/wp\/v2\/media\/5417"}],"wp:attachment":[{"href":"https:\/\/periodicolarepublica.com\/index.php\/wp-json\/wp\/v2\/media?parent=5413"}],"wp:term":[{"taxonomy":"category","embeddable":true,"href":"https:\/\/periodicolarepublica.com\/index.php\/wp-json\/wp\/v2\/categories?post=5413"},{"taxonomy":"post_tag","embeddable":true,"href":"https:\/\/periodicolarepublica.com\/index.php\/wp-json\/wp\/v2\/tags?post=5413"}],"curies":[{"name":"wp","href":"https:\/\/api.w.org\/{rel}","templated":true}]}}