{"id":5414,"date":"2026-03-15T09:17:19","date_gmt":"2026-03-15T13:17:19","guid":{"rendered":"https:\/\/periodicolarepublica.com\/?p=5414"},"modified":"2026-03-15T09:17:19","modified_gmt":"2026-03-15T13:17:19","slug":"quito-diputada-dominicana-expone-en-ecuador","status":"publish","type":"post","link":"https:\/\/periodicolarepublica.com\/index.php\/2026\/03\/15\/quito-diputada-dominicana-expone-en-ecuador\/","title":{"rendered":"Quito: Diputada dominicana expone en Ecuador."},"content":{"rendered":"<p>La diputada de Santiago, Dilenia Santos, particip\u00f3 recientemente en rol de panelista en la ciudad de Quito, en el espacio denominado \u201cEl futuro del Liderazgo P\u00fablico: Innovaci\u00f3n \u00c9tica y Gobernanza Receptiva desde Ecuador\u201d, organizado por la Women\u2019s Democracy Network.<\/p>\n<p>&nbsp;<\/p>\n<p>En su ponencia titulada \u201cLiderazgo Pol\u00edtico, innovador y \u00c9tico\u201d, comparti\u00f3 su visi\u00f3n sobre la importancia de ejercer la funci\u00f3n p\u00fablica con responsabilidad, transparencia y cercan\u00eda real con la gente.<\/p>\n<p>&nbsp;<\/p>\n<p>\u00abCreo firmemente que el liderazgo del presente y del futuro debe construirse desde la \u00e9tica, la rendici\u00f3n de cuentas y la capacidad de innovar para dar respuestas efectivas a las necesidades ciudadanas\u00bb, precis\u00f3 la legisladora dominicana.<\/p>\n<p>&nbsp;<\/p>\n<p>En el evento, participaron destacadas mujeres de Am\u00e9rica Latina, quienes aportaron perspectivas valiosas sobre gobernanza receptiva, participaci\u00f3n y fortalecimiento democr\u00e1tico.<\/p>\n<p>&nbsp;<\/p>\n<p>Asimismo, Dilenia Santos, hizo un behemente llamado a seguir trabajando por una pol\u00edtica con prop\u00f3sito, en la cual la innovaci\u00f3n vaya de la mano con la \u00e9tica, y \u00abque las mujeres tengamos un rol m\u00e1s activo en los procesos de transformaci\u00f3n de nuestros pa\u00edses\u00bb.<\/p>\n<p>&nbsp;<\/p>\n<p>La Red de Mujeres por la Democracia forma parte de una iniciativa del Instituto Republicano Internacional, organizaci\u00f3n con sede en Washington, que impulsa el fortalecimiento de instituciones democr\u00e1ticas en todo el mundo.<\/p>\n<p>#Liderazgo\u00c9tico #MujeresEnPol\u00edtica #Democracia #Innovaci\u00f3nP\u00fablica<\/p>\n<p>#DiputadaDileniaSantos<\/p>\n<p><img loading=\"lazy\" decoding=\"async\" class=\"size-medium wp-image-5415 alignright\" src=\"https:\/\/periodicolarepublica.com\/wp-content\/uploads\/2026\/03\/IMG-20260315-WA0121-266x300.jpg\" alt=\"\" width=\"266\" height=\"300\" srcset=\"https:\/\/periodicolarepublica.com\/wp-content\/uploads\/2026\/03\/IMG-20260315-WA0121-266x300.jpg?v=1773580631 266w, https:\/\/periodicolarepublica.com\/wp-content\/uploads\/2026\/03\/IMG-20260315-WA0121-909x1024.jpg?v=1773580631 909w, https:\/\/periodicolarepublica.com\/wp-content\/uploads\/2026\/03\/IMG-20260315-WA0121-768x865.jpg?v=1773580631 768w, https:\/\/periodicolarepublica.com\/wp-content\/uploads\/2026\/03\/IMG-20260315-WA0121-150x169.jpg?v=1773580631 150w, https:\/\/periodicolarepublica.com\/wp-content\/uploads\/2026\/03\/IMG-20260315-WA0121-300x338.jpg?v=1773580631 300w, https:\/\/periodicolarepublica.com\/wp-content\/uploads\/2026\/03\/IMG-20260315-WA0121-600x676.jpg?v=1773580631 600w, https:\/\/periodicolarepublica.com\/wp-content\/uploads\/2026\/03\/IMG-20260315-WA0121-696x784.jpg?v=1773580631 696w, https:\/\/periodicolarepublica.com\/wp-content\/uploads\/2026\/03\/IMG-20260315-WA0121-1068x1203.jpg?v=1773580631 1068w, https:\/\/periodicolarepublica.com\/wp-content\/uploads\/2026\/03\/IMG-20260315-WA0121.jpg?v=1773580631 1080w\" sizes=\"auto, (max-width: 266px) 100vw, 266px\" \/><\/p>\n","protected":false},"excerpt":{"rendered":"<p>La diputada de Santiago, Dilenia Santos, particip\u00f3 recientemente en rol de panelista en la ciudad de Quito, en el espacio denominado \u201cEl futuro del Liderazgo P\u00fablico: Innovaci\u00f3n \u00c9tica y Gobernanza Receptiva desde Ecuador\u201d, organizado por la Women\u2019s Democracy Network. &nbsp; En su ponencia titulada \u201cLiderazgo Pol\u00edtico, innovador y \u00c9tico\u201d, comparti\u00f3 su visi\u00f3n sobre la importancia [&hellip;]<\/p>\n","protected":false},"author":10,"featured_media":5415,"comment_status":"open","ping_status":"open","sticky":false,"template":"","format":"standard","meta":{"om_disable_all_campaigns":false,"_monsterinsights_skip_tracking":false,"_monsterinsights_sitenote_active":false,"_monsterinsights_sitenote_note":"","_monsterinsights_sitenote_category":0,"footnotes":""},"categories":[1],"tags":[],"class_list":{"0":"post-5414","1":"post","2":"type-post","3":"status-publish","4":"format-standard","5":"has-post-thumbnail","7":"category-nacionales"},"aioseo_notices":[],"_links":{"self":[{"href":"https:\/\/periodicolarepublica.com\/index.php\/wp-json\/wp\/v2\/posts\/5414","targetHints":{"allow":["GET"]}}],"collection":[{"href":"https:\/\/periodicolarepublica.com\/index.php\/wp-json\/wp\/v2\/posts"}],"about":[{"href":"https:\/\/periodicolarepublica.com\/index.php\/wp-json\/wp\/v2\/types\/post"}],"author":[{"embeddable":true,"href":"https:\/\/periodicolarepublica.com\/index.php\/wp-json\/wp\/v2\/users\/10"}],"replies":[{"embeddable":true,"href":"https:\/\/periodicolarepublica.com\/index.php\/wp-json\/wp\/v2\/comments?post=5414"}],"version-history":[{"count":1,"href":"https:\/\/periodicolarepublica.com\/index.php\/wp-json\/wp\/v2\/posts\/5414\/revisions"}],"predecessor-version":[{"id":5416,"href":"https:\/\/periodicolarepublica.com\/index.php\/wp-json\/wp\/v2\/posts\/5414\/revisions\/5416"}],"wp:featuredmedia":[{"embeddable":true,"href":"https:\/\/periodicolarepublica.com\/index.php\/wp-json\/wp\/v2\/media\/5415"}],"wp:attachment":[{"href":"https:\/\/periodicolarepublica.com\/index.php\/wp-json\/wp\/v2\/media?parent=5414"}],"wp:term":[{"taxonomy":"category","embeddable":true,"href":"https:\/\/periodicolarepublica.com\/index.php\/wp-json\/wp\/v2\/categories?post=5414"},{"taxonomy":"post_tag","embeddable":true,"href":"https:\/\/periodicolarepublica.com\/index.php\/wp-json\/wp\/v2\/tags?post=5414"}],"curies":[{"name":"wp","href":"https:\/\/api.w.org\/{rel}","templated":true}]}}