{"id":5422,"date":"2026-03-15T14:04:56","date_gmt":"2026-03-15T18:04:56","guid":{"rendered":"https:\/\/periodicolarepublica.com\/?p=5422"},"modified":"2026-03-15T14:04:56","modified_gmt":"2026-03-15T18:04:56","slug":"los-plus-rd-realizan-women-plus-con-ligia-bonetti-evento-fue-un-exito-total-en-la-vega","status":"publish","type":"post","link":"https:\/\/periodicolarepublica.com\/index.php\/2026\/03\/15\/los-plus-rd-realizan-women-plus-con-ligia-bonetti-evento-fue-un-exito-total-en-la-vega\/","title":{"rendered":"Los Plus RD realizan Women Plus con Ligia Bonetti; evento fue un \u00e9xito total en La Vega"},"content":{"rendered":"<p>La Vega, Rep\u00fablica Dominicana. \u2013 El espacio Los Plus RD celebr\u00f3 con gran \u00e9xito la edici\u00f3n especial Women Plus, teniendo como oradora principal a la empresaria dominicana Ligia Bonetti, en un encuentro que reuni\u00f3 a m\u00e1s de 200 profesionales, empresarios y j\u00f3venes l\u00edderes de la regi\u00f3n.<\/p>\n<p>&nbsp;<\/p>\n<p>La conferencia, titulada \u201cVisi\u00f3n que trasciende generaciones\u201d, se convirti\u00f3 en un espacio de inspiraci\u00f3n donde la reconocida empresaria comparti\u00f3 reflexiones sobre liderazgo, visi\u00f3n empresarial y crecimiento personal. Durante su intervenci\u00f3n, Ligia Bonetti destac\u00f3 que el talento y la preparaci\u00f3n siempre ser\u00e1n claves para alcanzar el \u00e9xito, se\u00f1alando adem\u00e1s que desde el sector privado se puede contribuir significativamente al desarrollo del pa\u00eds.<\/p>\n<p>&nbsp;<\/p>\n<p>En el marco del evento tambi\u00e9n fueron reconocidas destacadas mujeres veganas por su trayectoria y aportes a la sociedad, entre ellas Nieves Ramos, Odil Morilla, Mercedes Hern\u00e1ndez viuda de Concepci\u00f3n, Sor Arleny Correa Liranzo, la empresaria Annya Bello y Pura Mar\u00eda Hidalgo, quienes recibieron distinciones especiales por su liderazgo y compromiso en diferentes \u00e1reas.<\/p>\n<p>&nbsp;<\/p>\n<p>La iniciativa Women Plus es una edici\u00f3n especial creada por Los Plus RD para destacar el liderazgo, la trayectoria y el aporte de la mujer, especialmente en el marco del Mes de la Mujer, promoviendo espacios de inspiraci\u00f3n y reconocimiento para el talento femenino.<\/p>\n<p>&nbsp;<\/p>\n<p>Por su parte, Elmerk Jonas, director de Los Plus RD, agradeci\u00f3 la presencia de Ligia Bonetti por aceptar la invitaci\u00f3n y compartir su experiencia con los asistentes.<\/p>\n<p>&nbsp;<\/p>\n<p>\u201cPara nosotros es un honor contar con l\u00edderes de esta dimensi\u00f3n en La Vega, compartiendo sus vivencias con j\u00f3venes y profesionales que buscan crecer y aportar al pa\u00eds\u201d, expres\u00f3.<\/p>\n<p>&nbsp;<\/p>\n<p>Con esta exitosa edici\u00f3n de Women Plus, Los Plus RD contin\u00faan fortaleciendo su misi\u00f3n de crear espacios de di\u00e1logo e inspiraci\u00f3n donde l\u00edderes nacionales comparten su visi\u00f3n con las nuevas generaciones.<img loading=\"lazy\" decoding=\"async\" class=\"size-medium wp-image-5423 alignright\" src=\"https:\/\/periodicolarepublica.com\/wp-content\/uploads\/2026\/03\/IMG-20260315-WA0463-225x300.jpg\" alt=\"\" width=\"225\" height=\"300\" srcset=\"https:\/\/periodicolarepublica.com\/wp-content\/uploads\/2026\/03\/IMG-20260315-WA0463-225x300.jpg?v=1773597869 225w, https:\/\/periodicolarepublica.com\/wp-content\/uploads\/2026\/03\/IMG-20260315-WA0463-768x1024.jpg?v=1773597869 768w, https:\/\/periodicolarepublica.com\/wp-content\/uploads\/2026\/03\/IMG-20260315-WA0463-1152x1536.jpg?v=1773597869 1152w, https:\/\/periodicolarepublica.com\/wp-content\/uploads\/2026\/03\/IMG-20260315-WA0463-150x200.jpg?v=1773597869 150w, https:\/\/periodicolarepublica.com\/wp-content\/uploads\/2026\/03\/IMG-20260315-WA0463-300x400.jpg?v=1773597869 300w, https:\/\/periodicolarepublica.com\/wp-content\/uploads\/2026\/03\/IMG-20260315-WA0463-600x800.jpg?v=1773597869 600w, https:\/\/periodicolarepublica.com\/wp-content\/uploads\/2026\/03\/IMG-20260315-WA0463-696x928.jpg?v=1773597869 696w, https:\/\/periodicolarepublica.com\/wp-content\/uploads\/2026\/03\/IMG-20260315-WA0463-1068x1424.jpg?v=1773597869 1068w, https:\/\/periodicolarepublica.com\/wp-content\/uploads\/2026\/03\/IMG-20260315-WA0463.jpg?v=1773597869 1200w\" sizes=\"auto, (max-width: 225px) 100vw, 225px\" \/><\/p>\n","protected":false},"excerpt":{"rendered":"<p>La Vega, Rep\u00fablica Dominicana. \u2013 El espacio Los Plus RD celebr\u00f3 con gran \u00e9xito la edici\u00f3n especial Women Plus, teniendo como oradora principal a la empresaria dominicana Ligia Bonetti, en un encuentro que reuni\u00f3 a m\u00e1s de 200 profesionales, empresarios y j\u00f3venes l\u00edderes de la regi\u00f3n. &nbsp; La conferencia, titulada \u201cVisi\u00f3n que trasciende generaciones\u201d, se [&hellip;]<\/p>\n","protected":false},"author":10,"featured_media":5423,"comment_status":"open","ping_status":"open","sticky":false,"template":"","format":"standard","meta":{"om_disable_all_campaigns":false,"_monsterinsights_skip_tracking":false,"_monsterinsights_sitenote_active":false,"_monsterinsights_sitenote_note":"","_monsterinsights_sitenote_category":0,"footnotes":""},"categories":[1],"tags":[],"class_list":{"0":"post-5422","1":"post","2":"type-post","3":"status-publish","4":"format-standard","5":"has-post-thumbnail","7":"category-nacionales"},"aioseo_notices":[],"_links":{"self":[{"href":"https:\/\/periodicolarepublica.com\/index.php\/wp-json\/wp\/v2\/posts\/5422","targetHints":{"allow":["GET"]}}],"collection":[{"href":"https:\/\/periodicolarepublica.com\/index.php\/wp-json\/wp\/v2\/posts"}],"about":[{"href":"https:\/\/periodicolarepublica.com\/index.php\/wp-json\/wp\/v2\/types\/post"}],"author":[{"embeddable":true,"href":"https:\/\/periodicolarepublica.com\/index.php\/wp-json\/wp\/v2\/users\/10"}],"replies":[{"embeddable":true,"href":"https:\/\/periodicolarepublica.com\/index.php\/wp-json\/wp\/v2\/comments?post=5422"}],"version-history":[{"count":1,"href":"https:\/\/periodicolarepublica.com\/index.php\/wp-json\/wp\/v2\/posts\/5422\/revisions"}],"predecessor-version":[{"id":5424,"href":"https:\/\/periodicolarepublica.com\/index.php\/wp-json\/wp\/v2\/posts\/5422\/revisions\/5424"}],"wp:featuredmedia":[{"embeddable":true,"href":"https:\/\/periodicolarepublica.com\/index.php\/wp-json\/wp\/v2\/media\/5423"}],"wp:attachment":[{"href":"https:\/\/periodicolarepublica.com\/index.php\/wp-json\/wp\/v2\/media?parent=5422"}],"wp:term":[{"taxonomy":"category","embeddable":true,"href":"https:\/\/periodicolarepublica.com\/index.php\/wp-json\/wp\/v2\/categories?post=5422"},{"taxonomy":"post_tag","embeddable":true,"href":"https:\/\/periodicolarepublica.com\/index.php\/wp-json\/wp\/v2\/tags?post=5422"}],"curies":[{"name":"wp","href":"https:\/\/api.w.org\/{rel}","templated":true}]}}