{"id":5425,"date":"2026-03-15T17:28:56","date_gmt":"2026-03-15T21:28:56","guid":{"rendered":"https:\/\/periodicolarepublica.com\/?p=5425"},"modified":"2026-03-15T17:29:40","modified_gmt":"2026-03-15T21:29:40","slug":"banreservas-presentara-programa-de-charlas-y-talleres-en-la-semana-economica-y-financiera-del-banco-central","status":"publish","type":"post","link":"https:\/\/periodicolarepublica.com\/index.php\/2026\/03\/15\/banreservas-presentara-programa-de-charlas-y-talleres-en-la-semana-economica-y-financiera-del-banco-central\/","title":{"rendered":"Banreservas presentar\u00e1 programa de charlas y talleres en la Semana Econ\u00f3mica y Financiera del Banco Central"},"content":{"rendered":"<p>La instituci\u00f3n bancaria promueve la educaci\u00f3n financiera para ni\u00f1os y adolescentes.<\/p>\n<p>Santo Domingo. \u2013 El Banco de Reservas desarrollar\u00e1 en la VI edici\u00f3n de la Semana Econ\u00f3mica y Financiera del Banco Central de la Rep\u00fablica Dominicana, a celebrarse desde este lunes 16 hasta el 20 de marzo, un amplio programa de charlas de educaci\u00f3n financiera y talleres dirigidos a distintos grupos de edad.<\/p>\n<p>&nbsp;<\/p>\n<p>Especialistas de la instituci\u00f3n financiera pertenecientes a diversas \u00e1reas impartir\u00e1n orientaciones sobre ahorro infantil y educaci\u00f3n financiera, con el objetivo de fortalecer los conocimientos econ\u00f3micos de ni\u00f1os y adolescentes, y fomentar h\u00e1bitos responsables en el manejo del dinero.<\/p>\n<p>&nbsp;<\/p>\n<p>Banreservas contar\u00e1 con un stand interactivo en la sede del Banco Central de Santo Domingo y en el Centro Le\u00f3n de Santiago, que funcionar\u00e1 desde el martes 17 hasta finalizar la feria, en horario de 8:00 de la ma\u00f1ana a 5:00 de la tarde.<\/p>\n<p>&nbsp;<\/p>\n<p>En estos espacios, el p\u00fablico recibir\u00e1 informaci\u00f3n sobre los beneficios de la Cuenta de Ahorro Infantil Banreservas, adem\u00e1s de que los ni\u00f1os podr\u00e1n compartir con Jenny la Ballenita, personaje que forma parte de las iniciativas educativas de la instituci\u00f3n financiera. Tambi\u00e9n se entregar\u00e1n brochures informativos y se realizar\u00e1n din\u00e1micas dirigidas a ni\u00f1os y j\u00f3venes, quienes recibi\u00e1n diversos materiales promocionales.<\/p>\n<p>&nbsp;<\/p>\n<p>Dentro de la agenda educativa, Banreservas impartir\u00e1 en Santo Domingo dos charlas diarias sobre ahorro infantil y una en el Centro Cultural Perell\u00f3, en Ban\u00ed, programada para el mi\u00e9rcoles 18 de marzo; mientras que en Santiago las disertasi\u00f3n ser\u00e1n el jueves 19 y viernes 20.<\/p>\n<p>&nbsp;<\/p>\n<p>Estas actividades de aprendizaje forman parte de las acciones de responsabilidad social que realiza el Banco de Reservas para fomentar la educaci\u00f3n financiera desde temprana edad y promover una cultura de ahorro y manejo responsable del dinero entre ni\u00f1os y j\u00f3venes.<\/p>\n<p>&nbsp;<\/p>\n<p>La inauguraci\u00f3n de la Semana Econ\u00f3mica y Financiera del Banco Central se efectur\u00e1 este lunes 16 de marzo, a las 10:30 de la ma\u00f1ana, y se extender\u00e1 hasta las 6:00 de la tarde del viernes 20. La actividad busca acercar al p\u00fablico a temas econ\u00f3micos y financieros, mediante espacios de aprendizaje accesibles para toda la poblaci\u00f3n.<\/p>\n<p>&nbsp;<\/p>\n<p>Esta actividad tambi\u00e9n tiene como prop\u00f3sito facilitar el acceso a servicios e informaci\u00f3n financiera a trav\u00e9s de programas educativos dirigidos a distintos segmentos de la poblaci\u00f3n.<\/p>\n<p>&nbsp;<\/p>\n<p>&nbsp;<\/p>\n<p>Vicepresidencia de Comunicaciones y Responsabilidad Social.<\/p>\n<p>Marzo, 2026.<\/p>\n<p><img loading=\"lazy\" decoding=\"async\" class=\"alignnone size-medium wp-image-4066\" src=\"https:\/\/periodicolarepublica.com\/wp-content\/uploads\/2025\/09\/images-21-300x300.jpeg\" alt=\"\" width=\"300\" height=\"300\" srcset=\"https:\/\/periodicolarepublica.com\/wp-content\/uploads\/2025\/09\/images-21-300x300.jpeg 300w, https:\/\/periodicolarepublica.com\/wp-content\/uploads\/2025\/09\/images-21-150x150.jpeg 150w, https:\/\/periodicolarepublica.com\/wp-content\/uploads\/2025\/09\/images-21.jpeg 554w\" sizes=\"auto, (max-width: 300px) 100vw, 300px\" \/><\/p>\n","protected":false},"excerpt":{"rendered":"<p>La instituci\u00f3n bancaria promueve la educaci\u00f3n financiera para ni\u00f1os y adolescentes. Santo Domingo. \u2013 El Banco de Reservas desarrollar\u00e1 en la VI edici\u00f3n de la Semana Econ\u00f3mica y Financiera del Banco Central de la Rep\u00fablica Dominicana, a celebrarse desde este lunes 16 hasta el 20 de marzo, un amplio programa de charlas de educaci\u00f3n financiera [&hellip;]<\/p>\n","protected":false},"author":6,"featured_media":4066,"comment_status":"open","ping_status":"open","sticky":false,"template":"","format":"standard","meta":{"om_disable_all_campaigns":false,"_monsterinsights_skip_tracking":false,"_monsterinsights_sitenote_active":false,"_monsterinsights_sitenote_note":"","_monsterinsights_sitenote_category":0,"footnotes":""},"categories":[33,1],"tags":[],"class_list":{"0":"post-5425","1":"post","2":"type-post","3":"status-publish","4":"format-standard","5":"has-post-thumbnail","7":"category-canal-financiero","8":"category-nacionales"},"aioseo_notices":[],"_links":{"self":[{"href":"https:\/\/periodicolarepublica.com\/index.php\/wp-json\/wp\/v2\/posts\/5425","targetHints":{"allow":["GET"]}}],"collection":[{"href":"https:\/\/periodicolarepublica.com\/index.php\/wp-json\/wp\/v2\/posts"}],"about":[{"href":"https:\/\/periodicolarepublica.com\/index.php\/wp-json\/wp\/v2\/types\/post"}],"author":[{"embeddable":true,"href":"https:\/\/periodicolarepublica.com\/index.php\/wp-json\/wp\/v2\/users\/6"}],"replies":[{"embeddable":true,"href":"https:\/\/periodicolarepublica.com\/index.php\/wp-json\/wp\/v2\/comments?post=5425"}],"version-history":[{"count":2,"href":"https:\/\/periodicolarepublica.com\/index.php\/wp-json\/wp\/v2\/posts\/5425\/revisions"}],"predecessor-version":[{"id":5427,"href":"https:\/\/periodicolarepublica.com\/index.php\/wp-json\/wp\/v2\/posts\/5425\/revisions\/5427"}],"wp:featuredmedia":[{"embeddable":true,"href":"https:\/\/periodicolarepublica.com\/index.php\/wp-json\/wp\/v2\/media\/4066"}],"wp:attachment":[{"href":"https:\/\/periodicolarepublica.com\/index.php\/wp-json\/wp\/v2\/media?parent=5425"}],"wp:term":[{"taxonomy":"category","embeddable":true,"href":"https:\/\/periodicolarepublica.com\/index.php\/wp-json\/wp\/v2\/categories?post=5425"},{"taxonomy":"post_tag","embeddable":true,"href":"https:\/\/periodicolarepublica.com\/index.php\/wp-json\/wp\/v2\/tags?post=5425"}],"curies":[{"name":"wp","href":"https:\/\/api.w.org\/{rel}","templated":true}]}}