{"id":5435,"date":"2026-03-16T14:34:16","date_gmt":"2026-03-16T18:34:16","guid":{"rendered":"https:\/\/periodicolarepublica.com\/?p=5435"},"modified":"2026-03-16T14:34:16","modified_gmt":"2026-03-16T18:34:16","slug":"concluye-con-exito-la-tercera-edicion-de-la-feria-turismo-y-atracciones-samana-2026","status":"publish","type":"post","link":"https:\/\/periodicolarepublica.com\/index.php\/2026\/03\/16\/concluye-con-exito-la-tercera-edicion-de-la-feria-turismo-y-atracciones-samana-2026\/","title":{"rendered":"Concluye con \u00e9xito la tercera edici\u00f3n de la feria \u201cTurismo y Atracciones Saman\u00e1 2026"},"content":{"rendered":"<p>Saman\u00e1.- Con una destacada participaci\u00f3n nacional e internacional, concluy\u00f3 con rotundo \u00e9xito la tercera edici\u00f3n de la feria \u201cTurismo y Atracciones Saman\u00e1 2026\u201d (TyA 2026), celebrada del 13 al 15 de marzo en el exclusivo escenario de Hacienda Saman\u00e1 Bay, Hotel &amp; Residences, consolid\u00e1ndose como uno de los eventos tur\u00edsticos m\u00e1s relevantes de la regi\u00f3n Nordeste y una importante plataforma para la promoci\u00f3n del turismo dominicano ante el mundo.<\/p>\n<p>&nbsp;<\/p>\n<p>Durante tres d\u00edas, la feria reuni\u00f3 a autoridades, empresarios, inversionistas, emprendedores, artesanos, medios de comunicaci\u00f3n y visitantes, quienes participaron en una agenda cargada de conferencias internacionales, rondas de negocios, exposiciones, experiencias gastron\u00f3micas y presentaciones culturales, resaltando el potencial de Saman\u00e1 como destino estrat\u00e9gico para el turismo y la inversi\u00f3n.<\/p>\n<p>Uno de los aspectos m\u00e1s destacados de esta edici\u00f3n fue la participaci\u00f3n de representantes diplom\u00e1ticos de cuatro importantes naciones, lo que reafirma el creciente inter\u00e9s internacional por el desarrollo tur\u00edstico de la Rep\u00fablica Dominicana.<\/p>\n<p>&nbsp;<\/p>\n<p>Entre las personalidades presentes se destac\u00f3 el embajador de la Rep\u00fablica Popular China en la Rep\u00fablica Dominicana, Chen Luning, cuyo pa\u00eds fue invitado de honor de la feria. Tambi\u00e9n particip\u00f3 el embajador de la India, Kishan Dan Dewal (K.D. Dewal), as\u00ed como el embajador de la Federaci\u00f3n Rusa, Alexey Victorovich, fortaleciendo el car\u00e1cter global del evento.<\/p>\n<p>&nbsp;<\/p>\n<p>De igual forma, la embajadora de Panam\u00e1 en el pa\u00eds, Yira Elena Ramonet Garc\u00eda, form\u00f3 parte del programa oficial de conferencias y encuentros institucionales, aportando una visi\u00f3n regional sobre las oportunidades de cooperaci\u00f3n tur\u00edstica y log\u00edstica en el Caribe.<\/p>\n<p>&nbsp;<\/p>\n<p>El CEO de Turismo y Atracciones Saman\u00e1 2026, Kelvin Fa\u00f1a, resalt\u00f3 que esta tercera edici\u00f3n marca un paso importante en la proyecci\u00f3n internacional del evento.<\/p>\n<p>&nbsp;<\/p>\n<p>\u201cLa presencia de embajadores y representantes internacionales demuestra que Saman\u00e1 se est\u00e1 posicionando como un destino de gran inter\u00e9s para la inversi\u00f3n y el turismo. Esta feria se ha convertido en un puente para el di\u00e1logo, la cooperaci\u00f3n y la promoci\u00f3n del turismo dominicano ante el mundo\u201d, expres\u00f3.<\/p>\n<p>&nbsp;<\/p>\n<p>TyA 2026 tambi\u00e9n sirvi\u00f3 como plataforma para m\u00e1s de 40 emprendedores y artesanos locales, quienes exhibieron productos y servicios que reflejan la identidad cultural y la riqueza natural de la provincia de Saman\u00e1.<\/p>\n<p>&nbsp;<\/p>\n<p>Entre los atractivos m\u00e1s comentados del evento estuvieron las experiencias gastron\u00f3micas, las degustaciones de productos regionales y la creaci\u00f3n del asopao de mariscos con coco m\u00e1s grande del mundo, iniciativa liderada por la chef Solangel Vel\u00e1zquez, que capt\u00f3 la atenci\u00f3n de visitantes y medios de comunicaci\u00f3n.<\/p>\n<p>&nbsp;<\/p>\n<p>Con una masiva asistencia de m\u00e1s de 12 mil visitantes y una amplia cobertura medi\u00e1tica nacional e internacional, la feria Turismo y Atracciones Saman\u00e1 2026 reafirma su papel como una plataforma estrat\u00e9gica para impulsar el desarrollo tur\u00edstico, cultural y econ\u00f3mico de la regi\u00f3n Nordeste, posicionando a Saman\u00e1 como uno de los destinos m\u00e1s atractivos del Caribe.<\/p>\n<p><img loading=\"lazy\" decoding=\"async\" class=\"alignnone size-medium wp-image-5436\" src=\"https:\/\/periodicolarepublica.com\/wp-content\/uploads\/2026\/03\/IMG-20260316-WA0006-e1773686010233-300x284.jpg\" alt=\"\" width=\"300\" height=\"284\" srcset=\"https:\/\/periodicolarepublica.com\/wp-content\/uploads\/2026\/03\/IMG-20260316-WA0006-e1773686010233-300x284.jpg 300w, https:\/\/periodicolarepublica.com\/wp-content\/uploads\/2026\/03\/IMG-20260316-WA0006-e1773686010233-150x142.jpg 150w, https:\/\/periodicolarepublica.com\/wp-content\/uploads\/2026\/03\/IMG-20260316-WA0006-e1773686010233-600x568.jpg 600w, https:\/\/periodicolarepublica.com\/wp-content\/uploads\/2026\/03\/IMG-20260316-WA0006-e1773686010233-648x615.jpg 648w, https:\/\/periodicolarepublica.com\/wp-content\/uploads\/2026\/03\/IMG-20260316-WA0006-e1773686010233.jpg 650w\" sizes=\"auto, (max-width: 300px) 100vw, 300px\" \/><\/p>\n","protected":false},"excerpt":{"rendered":"<p>Saman\u00e1.- Con una destacada participaci\u00f3n nacional e internacional, concluy\u00f3 con rotundo \u00e9xito la tercera edici\u00f3n de la feria \u201cTurismo y Atracciones Saman\u00e1 2026\u201d (TyA 2026), celebrada del 13 al 15 de marzo en el exclusivo escenario de Hacienda Saman\u00e1 Bay, Hotel &amp; Residences, consolid\u00e1ndose como uno de los eventos tur\u00edsticos m\u00e1s relevantes de la regi\u00f3n [&hellip;]<\/p>\n","protected":false},"author":6,"featured_media":5436,"comment_status":"open","ping_status":"open","sticky":false,"template":"","format":"standard","meta":{"om_disable_all_campaigns":false,"_monsterinsights_skip_tracking":false,"_monsterinsights_sitenote_active":false,"_monsterinsights_sitenote_note":"","_monsterinsights_sitenote_category":0,"footnotes":""},"categories":[20],"tags":[],"class_list":{"0":"post-5435","1":"post","2":"type-post","3":"status-publish","4":"format-standard","5":"has-post-thumbnail","7":"category-turismo"},"aioseo_notices":[],"_links":{"self":[{"href":"https:\/\/periodicolarepublica.com\/index.php\/wp-json\/wp\/v2\/posts\/5435","targetHints":{"allow":["GET"]}}],"collection":[{"href":"https:\/\/periodicolarepublica.com\/index.php\/wp-json\/wp\/v2\/posts"}],"about":[{"href":"https:\/\/periodicolarepublica.com\/index.php\/wp-json\/wp\/v2\/types\/post"}],"author":[{"embeddable":true,"href":"https:\/\/periodicolarepublica.com\/index.php\/wp-json\/wp\/v2\/users\/6"}],"replies":[{"embeddable":true,"href":"https:\/\/periodicolarepublica.com\/index.php\/wp-json\/wp\/v2\/comments?post=5435"}],"version-history":[{"count":1,"href":"https:\/\/periodicolarepublica.com\/index.php\/wp-json\/wp\/v2\/posts\/5435\/revisions"}],"predecessor-version":[{"id":5437,"href":"https:\/\/periodicolarepublica.com\/index.php\/wp-json\/wp\/v2\/posts\/5435\/revisions\/5437"}],"wp:featuredmedia":[{"embeddable":true,"href":"https:\/\/periodicolarepublica.com\/index.php\/wp-json\/wp\/v2\/media\/5436"}],"wp:attachment":[{"href":"https:\/\/periodicolarepublica.com\/index.php\/wp-json\/wp\/v2\/media?parent=5435"}],"wp:term":[{"taxonomy":"category","embeddable":true,"href":"https:\/\/periodicolarepublica.com\/index.php\/wp-json\/wp\/v2\/categories?post=5435"},{"taxonomy":"post_tag","embeddable":true,"href":"https:\/\/periodicolarepublica.com\/index.php\/wp-json\/wp\/v2\/tags?post=5435"}],"curies":[{"name":"wp","href":"https:\/\/api.w.org\/{rel}","templated":true}]}}