{"id":5438,"date":"2026-03-17T10:01:44","date_gmt":"2026-03-17T14:01:44","guid":{"rendered":"https:\/\/periodicolarepublica.com\/?p=5438"},"modified":"2026-03-17T10:01:44","modified_gmt":"2026-03-17T14:01:44","slug":"nace-aditop-asociacion-de-desarrolladores-inmobiliarios-y-turisticos-de-la-otra-banda-punta-cana","status":"publish","type":"post","link":"https:\/\/periodicolarepublica.com\/index.php\/2026\/03\/17\/nace-aditop-asociacion-de-desarrolladores-inmobiliarios-y-turisticos-de-la-otra-banda-punta-cana\/","title":{"rendered":"Nace ADITO*P: Asociaci\u00f3n de Desarrolladores Inmobiliarios y Tur\u00edsticos de La Otra Banda Punta Cana*"},"content":{"rendered":"<p><img loading=\"lazy\" decoding=\"async\" class=\"alignnone size-medium wp-image-5439\" src=\"https:\/\/periodicolarepublica.com\/wp-content\/uploads\/2026\/03\/IMG-20260317-WA0247-300x200.jpg\" alt=\"\" width=\"300\" height=\"200\" srcset=\"https:\/\/periodicolarepublica.com\/wp-content\/uploads\/2026\/03\/IMG-20260317-WA0247-300x200.jpg?v=1773756094 300w, https:\/\/periodicolarepublica.com\/wp-content\/uploads\/2026\/03\/IMG-20260317-WA0247-1024x682.jpg?v=1773756094 1024w, https:\/\/periodicolarepublica.com\/wp-content\/uploads\/2026\/03\/IMG-20260317-WA0247-768x512.jpg?v=1773756094 768w, https:\/\/periodicolarepublica.com\/wp-content\/uploads\/2026\/03\/IMG-20260317-WA0247-1536x1023.jpg?v=1773756094 1536w, https:\/\/periodicolarepublica.com\/wp-content\/uploads\/2026\/03\/IMG-20260317-WA0247-150x100.jpg?v=1773756094 150w, https:\/\/periodicolarepublica.com\/wp-content\/uploads\/2026\/03\/IMG-20260317-WA0247-600x400.jpg?v=1773756094 600w, https:\/\/periodicolarepublica.com\/wp-content\/uploads\/2026\/03\/IMG-20260317-WA0247-696x464.jpg?v=1773756094 696w, https:\/\/periodicolarepublica.com\/wp-content\/uploads\/2026\/03\/IMG-20260317-WA0247-1392x927.jpg?v=1773756094 1392w, https:\/\/periodicolarepublica.com\/wp-content\/uploads\/2026\/03\/IMG-20260317-WA0247-1068x712.jpg?v=1773756094 1068w, https:\/\/periodicolarepublica.com\/wp-content\/uploads\/2026\/03\/IMG-20260317-WA0247.jpg?v=1773756094 1600w\" sizes=\"auto, (max-width: 300px) 100vw, 300px\" \/>Punta Cana, Rep\u00fablica Dominicana \u2013 16 de marzo de 2026. \u2013 En un hito trascendental para el sector inmobiliario y tur\u00edstico de la regi\u00f3n Este, fue anunciada la creaci\u00f3n de la Asociaci\u00f3n de Desarrolladores Inmobiliarios y Tur\u00edsticos de La Otra Banda Punta Cana (ADITOP), una entidad que nace con el prop\u00f3sito de impulsar el desarrollo ordenado, estrat\u00e9gico y sostenible de esta emergente zona de expansi\u00f3n.<\/p>\n<p>&nbsp;<\/p>\n<p>Bajo la presidencia de Ismael Rubio Marcovich, ADITOP se proyecta como un actor clave en la consolidaci\u00f3n de La Otra Banda Punta Cana como un nuevo polo de inversi\u00f3n y crecimiento, promoviendo est\u00e1ndares de calidad, planificaci\u00f3n responsable y respeto al entorno natural.<\/p>\n<p>&nbsp;<\/p>\n<p>\u201cLa Otra Banda Punta Cana representa una oportunidad \u00fanica para la Rep\u00fablica Dominicana. Nuestro compromiso en ADITOP es guiar este desarrollo con responsabilidad, fomentando la inversi\u00f3n inteligente, la innovaci\u00f3n y la creaci\u00f3n de infraestructura que garantice calidad de vida y una oferta tur\u00edstica de clase mundial\u201d, expres\u00f3 Rubio Marcovich.<\/p>\n<p>&nbsp;<\/p>\n<p>La entidad est\u00e1 conformada por reconocidos empresarios, desarrolladores y representantes de importantes proyectos inmobiliarios y tur\u00edsticos de la zona, quienes integran su estructura directiva:<\/p>\n<p>&nbsp;<\/p>\n<p>Ismael Rubio Marcovich, presidente.<\/p>\n<p>Hernando G\u00f3mez, vicepresidente, representante de Cruise On Land.<\/p>\n<p>Joan Gonzales, secretario general, en representaci\u00f3n de Farall\u00f3n Punta Cana.<\/p>\n<p>Pedro Romero tesorero de ADITOP y CEO de Larimar City &amp; Resort.<\/p>\n<p>Rub\u00e9n Castillo, director de relaciones p\u00fablicas, CEO de INMOGEST.<\/p>\n<p>Juan Romero asesor inmobiliario ADITOP y CEO de Larimar City &amp; Resort.<\/p>\n<p>&nbsp;<\/p>\n<p>Durante el acto de lanzamiento, el alcalde del Distrito Municipal de La Otra Banda, Alexander \u201cEl Hijo del Pueblo\u201d, reafirm\u00f3 su compromiso con el impulso del desarrollo tur\u00edstico y urban\u00edstico de la zona, destacando su rol como promotor de importantes iniciativas orientadas al crecimiento sostenible del territorio.<\/p>\n<p>El Hijo del Pueblo\u201d reiter\u00f3 su disposici\u00f3n de seguir colaborando estrechamente con iniciativas como ADITOP, convencido de que la articulaci\u00f3n entre autoridades y desarrolladores es clave para consolidar a La Otra Banda como un destino tur\u00edstico y residencial de referencia en la regi\u00f3n Este del pa\u00eds.<\/p>\n<p>ADITOP agrupa a los principales actores del desarrollo inmobiliario en La Otra Banda, todos comprometidos con una visi\u00f3n com\u00fan orientada al crecimiento sostenible y la creaci\u00f3n de valor a largo plazo.<\/p>\n<p>&nbsp;<\/p>\n<p>Entre sus objetivos estrat\u00e9gicos destacan fomentar la colaboraci\u00f3n entre desarrolladores, establecer directrices de calidad y sostenibilidad, atraer inversi\u00f3n nacional e internacional, promover el desarrollo de infraestructura clave y servir como enlace entre el sector privado y las autoridades para fortalecer la seguridad jur\u00eddica y el desarrollo integral.<\/p>\n<p>&nbsp;<\/p>\n<p>La Otra Banda Punta Cana se perfila como la pr\u00f3xima gran frontera de expansi\u00f3n en el Este del pa\u00eds, ofreciendo un espacio propicio para la innovaci\u00f3n urban\u00edstica, el desarrollo tur\u00edstico y la inversi\u00f3n inmobiliaria. Con la creaci\u00f3n de ADITOP, se busca asegurar que este crecimiento se realice de manera planificada, preservando su riqueza natural y potenciando su atractivo como destino para vivir, invertir y vacacionar.<\/p>\n<p>&nbsp;<\/p>\n<p>Sobre ADITOP<\/p>\n<p>&nbsp;<\/p>\n<p>La Asociaci\u00f3n de Desarrolladores Inmobiliarios y Tur\u00edsticos de La Otra Banda Punta Cana (ADITOP) es una organizaci\u00f3n sin fines de lucro que agrupa a desarrolladores y actores del sector comprometidos con el desarrollo planificado y sostenible de la zona. Su misi\u00f3n es promover est\u00e1ndares de excelencia, impulsar la inversi\u00f3n y colaborar con las autoridades para posicionar a La Otra Banda como un referente de innovaci\u00f3n y desarrollo en el Caribe.<\/p>\n","protected":false},"excerpt":{"rendered":"<p>Punta Cana, Rep\u00fablica Dominicana \u2013 16 de marzo de 2026. \u2013 En un hito trascendental para el sector inmobiliario y tur\u00edstico de la regi\u00f3n Este, fue anunciada la creaci\u00f3n de la Asociaci\u00f3n de Desarrolladores Inmobiliarios y Tur\u00edsticos de La Otra Banda Punta Cana (ADITOP), una entidad que nace con el prop\u00f3sito de impulsar el desarrollo [&hellip;]<\/p>\n","protected":false},"author":10,"featured_media":5439,"comment_status":"open","ping_status":"open","sticky":false,"template":"","format":"standard","meta":{"om_disable_all_campaigns":false,"_monsterinsights_skip_tracking":false,"_monsterinsights_sitenote_active":false,"_monsterinsights_sitenote_note":"","_monsterinsights_sitenote_category":0,"footnotes":""},"categories":[1],"tags":[],"class_list":{"0":"post-5438","1":"post","2":"type-post","3":"status-publish","4":"format-standard","5":"has-post-thumbnail","7":"category-nacionales"},"aioseo_notices":[],"_links":{"self":[{"href":"https:\/\/periodicolarepublica.com\/index.php\/wp-json\/wp\/v2\/posts\/5438","targetHints":{"allow":["GET"]}}],"collection":[{"href":"https:\/\/periodicolarepublica.com\/index.php\/wp-json\/wp\/v2\/posts"}],"about":[{"href":"https:\/\/periodicolarepublica.com\/index.php\/wp-json\/wp\/v2\/types\/post"}],"author":[{"embeddable":true,"href":"https:\/\/periodicolarepublica.com\/index.php\/wp-json\/wp\/v2\/users\/10"}],"replies":[{"embeddable":true,"href":"https:\/\/periodicolarepublica.com\/index.php\/wp-json\/wp\/v2\/comments?post=5438"}],"version-history":[{"count":1,"href":"https:\/\/periodicolarepublica.com\/index.php\/wp-json\/wp\/v2\/posts\/5438\/revisions"}],"predecessor-version":[{"id":5440,"href":"https:\/\/periodicolarepublica.com\/index.php\/wp-json\/wp\/v2\/posts\/5438\/revisions\/5440"}],"wp:featuredmedia":[{"embeddable":true,"href":"https:\/\/periodicolarepublica.com\/index.php\/wp-json\/wp\/v2\/media\/5439"}],"wp:attachment":[{"href":"https:\/\/periodicolarepublica.com\/index.php\/wp-json\/wp\/v2\/media?parent=5438"}],"wp:term":[{"taxonomy":"category","embeddable":true,"href":"https:\/\/periodicolarepublica.com\/index.php\/wp-json\/wp\/v2\/categories?post=5438"},{"taxonomy":"post_tag","embeddable":true,"href":"https:\/\/periodicolarepublica.com\/index.php\/wp-json\/wp\/v2\/tags?post=5438"}],"curies":[{"name":"wp","href":"https:\/\/api.w.org\/{rel}","templated":true}]}}