{"id":5441,"date":"2026-03-17T10:33:47","date_gmt":"2026-03-17T14:33:47","guid":{"rendered":"https:\/\/periodicolarepublica.com\/?p=5441"},"modified":"2026-03-17T10:33:47","modified_gmt":"2026-03-17T14:33:47","slug":"dgjp-fortalece-conocimientos-sobre-el-sistema-de-reparto-en-instituciones-del-estado","status":"publish","type":"post","link":"https:\/\/periodicolarepublica.com\/index.php\/2026\/03\/17\/dgjp-fortalece-conocimientos-sobre-el-sistema-de-reparto-en-instituciones-del-estado\/","title":{"rendered":"\u00a0*DGJP fortalece conocimientos sobre el Sistema de Reparto en instituciones del Estado*"},"content":{"rendered":"<ul>\n<li>\u00a0*Santo Domingo, D.N. marte 17 de marzo, 2026.-* Continuando con la pol\u00edtica institucional de informar y orientar a los colaboradores del sector p\u00fablico sobre el funcionamiento del Sistema de Reparto Estatal, la Direcci\u00f3n General de Jubilaciones y Pensiones a Cargo del Estado (DGJP) prosigui\u00f3 su programa de capacitaciones en distintas instituciones gubernamentales. Durante la semana se impartieron charlas formativas en el Ministerio de Trabajo y en la Orquesta Sinf\u00f3nica Nacional, Palacio de Bellas Artes.<\/li>\n<\/ul>\n<p>La capacitaci\u00f3n titulada: \u201cSistema de Reparto: Una Visi\u00f3n Integral\u201d, fue impartida por Jos\u00e9 Santos, facilitador de la DGJP, quien explic\u00f3 los pasos a seguir para solicitar una pensi\u00f3n por antig\u00fcedad en el servicio, los beneficios previstos en la Ley 379-81, los requisitos para acceder a una pensi\u00f3n de sobrevivencia, las coberturas del seguro de salud en los reg\u00edmenes b\u00e1sico y contributivo.<\/p>\n<p>Inform\u00f3 que quienes deseen integrarse al Sistema de Reparto pueden acudir a la Direcci\u00f3n General de Informaci\u00f3n y Defensa de los Afiliados a la Seguridad Social (DIDA) para formalizar su solicitud.<\/p>\n<p>Posteriormente, esta es evaluada por la Superintendencia de Pensiones (SIPEN), la DGJP y la Asociaci\u00f3n Dominicana de Administradoras de Fondos de Pensiones (ADAFP).<\/p>\n<p>Las jornadas, realizadas en el sal\u00f3n de actos del Ministerio de Trabajo y en la sede de la Orquesta Sinf\u00f3nica Nacional, propiciaron adem\u00e1s un espacio de intercambio de preguntas y experiencias entre los participantes, orientado a consolidar una comprensi\u00f3n m\u00e1s clara del funcionamiento y alcance del sistema de pensiones en el pa\u00eds.<img loading=\"lazy\" decoding=\"async\" class=\"size-medium wp-image-5442 alignright\" src=\"https:\/\/periodicolarepublica.com\/wp-content\/uploads\/2026\/03\/IMG-20260317-WA0277-300x192.jpg\" alt=\"\" width=\"300\" height=\"192\" srcset=\"https:\/\/periodicolarepublica.com\/wp-content\/uploads\/2026\/03\/IMG-20260317-WA0277-300x192.jpg?v=1773758008 300w, https:\/\/periodicolarepublica.com\/wp-content\/uploads\/2026\/03\/IMG-20260317-WA0277-1024x657.jpg?v=1773758008 1024w, https:\/\/periodicolarepublica.com\/wp-content\/uploads\/2026\/03\/IMG-20260317-WA0277-768x493.jpg?v=1773758008 768w, https:\/\/periodicolarepublica.com\/wp-content\/uploads\/2026\/03\/IMG-20260317-WA0277-150x96.jpg?v=1773758008 150w, https:\/\/periodicolarepublica.com\/wp-content\/uploads\/2026\/03\/IMG-20260317-WA0277-600x385.jpg?v=1773758008 600w, https:\/\/periodicolarepublica.com\/wp-content\/uploads\/2026\/03\/IMG-20260317-WA0277-696x446.jpg?v=1773758008 696w, https:\/\/periodicolarepublica.com\/wp-content\/uploads\/2026\/03\/IMG-20260317-WA0277.jpg?v=1773758008 1046w\" sizes=\"auto, (max-width: 300px) 100vw, 300px\" \/><\/p>\n<p>&nbsp;<\/p>\n<p>&nbsp;<\/p>\n<p>&nbsp;<\/p>\n<p>&nbsp;<\/p>\n<p>&nbsp;<\/p>\n<p>&nbsp;<\/p>\n","protected":false},"excerpt":{"rendered":"<p>\u00a0*Santo Domingo, D.N. marte 17 de marzo, 2026.-* Continuando con la pol\u00edtica institucional de informar y orientar a los colaboradores del sector p\u00fablico sobre el funcionamiento del Sistema de Reparto Estatal, la Direcci\u00f3n General de Jubilaciones y Pensiones a Cargo del Estado (DGJP) prosigui\u00f3 su programa de capacitaciones en distintas instituciones gubernamentales. Durante la semana [&hellip;]<\/p>\n","protected":false},"author":10,"featured_media":5442,"comment_status":"open","ping_status":"open","sticky":false,"template":"","format":"standard","meta":{"om_disable_all_campaigns":false,"_monsterinsights_skip_tracking":false,"_monsterinsights_sitenote_active":false,"_monsterinsights_sitenote_note":"","_monsterinsights_sitenote_category":0,"footnotes":""},"categories":[1],"tags":[],"class_list":{"0":"post-5441","1":"post","2":"type-post","3":"status-publish","4":"format-standard","5":"has-post-thumbnail","7":"category-nacionales"},"aioseo_notices":[],"_links":{"self":[{"href":"https:\/\/periodicolarepublica.com\/index.php\/wp-json\/wp\/v2\/posts\/5441","targetHints":{"allow":["GET"]}}],"collection":[{"href":"https:\/\/periodicolarepublica.com\/index.php\/wp-json\/wp\/v2\/posts"}],"about":[{"href":"https:\/\/periodicolarepublica.com\/index.php\/wp-json\/wp\/v2\/types\/post"}],"author":[{"embeddable":true,"href":"https:\/\/periodicolarepublica.com\/index.php\/wp-json\/wp\/v2\/users\/10"}],"replies":[{"embeddable":true,"href":"https:\/\/periodicolarepublica.com\/index.php\/wp-json\/wp\/v2\/comments?post=5441"}],"version-history":[{"count":1,"href":"https:\/\/periodicolarepublica.com\/index.php\/wp-json\/wp\/v2\/posts\/5441\/revisions"}],"predecessor-version":[{"id":5443,"href":"https:\/\/periodicolarepublica.com\/index.php\/wp-json\/wp\/v2\/posts\/5441\/revisions\/5443"}],"wp:featuredmedia":[{"embeddable":true,"href":"https:\/\/periodicolarepublica.com\/index.php\/wp-json\/wp\/v2\/media\/5442"}],"wp:attachment":[{"href":"https:\/\/periodicolarepublica.com\/index.php\/wp-json\/wp\/v2\/media?parent=5441"}],"wp:term":[{"taxonomy":"category","embeddable":true,"href":"https:\/\/periodicolarepublica.com\/index.php\/wp-json\/wp\/v2\/categories?post=5441"},{"taxonomy":"post_tag","embeddable":true,"href":"https:\/\/periodicolarepublica.com\/index.php\/wp-json\/wp\/v2\/tags?post=5441"}],"curies":[{"name":"wp","href":"https:\/\/api.w.org\/{rel}","templated":true}]}}