{"id":5444,"date":"2026-03-17T19:55:05","date_gmt":"2026-03-17T23:55:05","guid":{"rendered":"https:\/\/periodicolarepublica.com\/?p=5444"},"modified":"2026-03-17T19:55:05","modified_gmt":"2026-03-17T23:55:05","slug":"aqui-si-estan-viniendo-a-trabajar-ciudadanos-valoran-visitas-sorpresa-de-landron-en-hospitales","status":"publish","type":"post","link":"https:\/\/periodicolarepublica.com\/index.php\/2026\/03\/17\/aqui-si-estan-viniendo-a-trabajar-ciudadanos-valoran-visitas-sorpresa-de-landron-en-hospitales\/","title":{"rendered":"*\u201cAqu\u00ed s\u00ed est\u00e1n viniendo a trabajar\u201d: ciudadanos valoran visitas sorpresa de Landr\u00f3n en hospitales*"},"content":{"rendered":"<p>Santo Domingo. \u2013 \u201cEso es lo que necesitamos, que vengan sin avisar\u201d, comenta Mar\u00eda Rodr\u00edguez, mientras espera atenci\u00f3n en un hospital p\u00fablico. Como ella, muchos dominicanos expresan satisfacci\u00f3n por las visitas sorpresa que realiza el director ejecutivo del Servicio Nacional de Salud (SNS), doctor Julio C\u00e9sar Landr\u00f3n.<\/p>\n<p>&nbsp;<\/p>\n<p>&nbsp;<\/p>\n<p>Sin agenda previa ni protocolos r\u00edgidos, Landr\u00f3n se presenta en hospitales cualquier d\u00eda de la semana, incluyendo fines de semana, con el objetivo de ver la realidad tal como ocurre sin preparaci\u00f3n, sin maquillaje.<\/p>\n<p>&nbsp;<\/p>\n<p>\u201cCuando ellos vienen as\u00ed, uno puede decir lo que de verdad est\u00e1 pasando\u201d, asegura Juan P\u00e9rez, familiar de un paciente, quien considera que estas supervisiones est\u00e1n marcando una diferencia en la atenci\u00f3n.<\/p>\n<p>&nbsp;<\/p>\n<p>Personal m\u00e9dico tambi\u00e9n reconoce el impacto. \u201cEso nos motiva a hacer mejor trabajo, porque sabemos que en cualquier momento puede llegar el director y ver c\u00f3mo estamos funcionando\u201d,<\/p>\n<p>&nbsp;<\/p>\n<p>expres\u00f3 una enfermera que prefiri\u00f3 no ser identificada.<\/p>\n<p>Las visitas permiten detectar fallas, dar respuestas inmediatas y garantizar que los servicios se ofrezcan con mayor calidad, lo que ha ido generando una percepci\u00f3n positiva en la poblaci\u00f3n.<\/p>\n<p>&nbsp;<\/p>\n<p>Para muchos ciudadanos, este estilo de gesti\u00f3n representa un cambio necesario un funcionario presente, activo y enfocado en resolver, que no espera informes, sino que va directamente al terreno.<\/p>\n<p>&nbsp;<\/p>\n<p>Con estas acciones, el SNS fortalece su compromiso de seguir trabajando de manera cercana con la gente, llevando soluciones reales y devolviendo la confianza en el sistema p\u00fablico de salud.<img loading=\"lazy\" decoding=\"async\" class=\"size-medium wp-image-5445 alignright\" src=\"https:\/\/periodicolarepublica.com\/wp-content\/uploads\/2026\/03\/IMG-20260317-WA0913-300x239.jpg\" alt=\"\" width=\"300\" height=\"239\" srcset=\"https:\/\/periodicolarepublica.com\/wp-content\/uploads\/2026\/03\/IMG-20260317-WA0913-300x239.jpg?v=1773791683 300w, https:\/\/periodicolarepublica.com\/wp-content\/uploads\/2026\/03\/IMG-20260317-WA0913-1024x815.jpg?v=1773791683 1024w, https:\/\/periodicolarepublica.com\/wp-content\/uploads\/2026\/03\/IMG-20260317-WA0913-768x612.jpg?v=1773791683 768w, https:\/\/periodicolarepublica.com\/wp-content\/uploads\/2026\/03\/IMG-20260317-WA0913-1536x1223.jpg?v=1773791683 1536w, https:\/\/periodicolarepublica.com\/wp-content\/uploads\/2026\/03\/IMG-20260317-WA0913-150x119.jpg?v=1773791683 150w, https:\/\/periodicolarepublica.com\/wp-content\/uploads\/2026\/03\/IMG-20260317-WA0913-600x478.jpg?v=1773791683 600w, https:\/\/periodicolarepublica.com\/wp-content\/uploads\/2026\/03\/IMG-20260317-WA0913-696x554.jpg?v=1773791683 696w, https:\/\/periodicolarepublica.com\/wp-content\/uploads\/2026\/03\/IMG-20260317-WA0913-1392x1108.jpg?v=1773791683 1392w, https:\/\/periodicolarepublica.com\/wp-content\/uploads\/2026\/03\/IMG-20260317-WA0913-1068x850.jpg?v=1773791683 1068w, https:\/\/periodicolarepublica.com\/wp-content\/uploads\/2026\/03\/IMG-20260317-WA0913.jpg?v=1773791683 1600w\" sizes=\"auto, (max-width: 300px) 100vw, 300px\" \/><\/p>\n","protected":false},"excerpt":{"rendered":"<p>Santo Domingo. \u2013 \u201cEso es lo que necesitamos, que vengan sin avisar\u201d, comenta Mar\u00eda Rodr\u00edguez, mientras espera atenci\u00f3n en un hospital p\u00fablico. Como ella, muchos dominicanos expresan satisfacci\u00f3n por las visitas sorpresa que realiza el director ejecutivo del Servicio Nacional de Salud (SNS), doctor Julio C\u00e9sar Landr\u00f3n. &nbsp; &nbsp; Sin agenda previa ni protocolos r\u00edgidos, [&hellip;]<\/p>\n","protected":false},"author":10,"featured_media":5445,"comment_status":"open","ping_status":"open","sticky":false,"template":"","format":"standard","meta":{"om_disable_all_campaigns":false,"_monsterinsights_skip_tracking":false,"_monsterinsights_sitenote_active":false,"_monsterinsights_sitenote_note":"","_monsterinsights_sitenote_category":0,"footnotes":""},"categories":[1],"tags":[],"class_list":{"0":"post-5444","1":"post","2":"type-post","3":"status-publish","4":"format-standard","5":"has-post-thumbnail","7":"category-nacionales"},"aioseo_notices":[],"_links":{"self":[{"href":"https:\/\/periodicolarepublica.com\/index.php\/wp-json\/wp\/v2\/posts\/5444","targetHints":{"allow":["GET"]}}],"collection":[{"href":"https:\/\/periodicolarepublica.com\/index.php\/wp-json\/wp\/v2\/posts"}],"about":[{"href":"https:\/\/periodicolarepublica.com\/index.php\/wp-json\/wp\/v2\/types\/post"}],"author":[{"embeddable":true,"href":"https:\/\/periodicolarepublica.com\/index.php\/wp-json\/wp\/v2\/users\/10"}],"replies":[{"embeddable":true,"href":"https:\/\/periodicolarepublica.com\/index.php\/wp-json\/wp\/v2\/comments?post=5444"}],"version-history":[{"count":1,"href":"https:\/\/periodicolarepublica.com\/index.php\/wp-json\/wp\/v2\/posts\/5444\/revisions"}],"predecessor-version":[{"id":5446,"href":"https:\/\/periodicolarepublica.com\/index.php\/wp-json\/wp\/v2\/posts\/5444\/revisions\/5446"}],"wp:featuredmedia":[{"embeddable":true,"href":"https:\/\/periodicolarepublica.com\/index.php\/wp-json\/wp\/v2\/media\/5445"}],"wp:attachment":[{"href":"https:\/\/periodicolarepublica.com\/index.php\/wp-json\/wp\/v2\/media?parent=5444"}],"wp:term":[{"taxonomy":"category","embeddable":true,"href":"https:\/\/periodicolarepublica.com\/index.php\/wp-json\/wp\/v2\/categories?post=5444"},{"taxonomy":"post_tag","embeddable":true,"href":"https:\/\/periodicolarepublica.com\/index.php\/wp-json\/wp\/v2\/tags?post=5444"}],"curies":[{"name":"wp","href":"https:\/\/api.w.org\/{rel}","templated":true}]}}