{"id":547,"date":"2024-04-03T22:13:41","date_gmt":"2024-04-03T20:13:41","guid":{"rendered":"https:\/\/periodicolarepublica.com\/?p=547"},"modified":"2024-04-03T22:14:54","modified_gmt":"2024-04-03T20:14:54","slug":"el-ministro-de-salud-publica-anuncia-la-implementacion-de-un-nuevo-reglamento-tecnico-para-habilitacion-de-los-servicios-clinicos-quirurgicos-y-diagnosticos","status":"publish","type":"post","link":"https:\/\/periodicolarepublica.com\/index.php\/2024\/04\/03\/el-ministro-de-salud-publica-anuncia-la-implementacion-de-un-nuevo-reglamento-tecnico-para-habilitacion-de-los-servicios-clinicos-quirurgicos-y-diagnosticos\/","title":{"rendered":"El Ministro de Salud P\u00fablica anuncia la implementaci\u00f3n de un nuevo Reglamento T\u00e9cnico para Habilitaci\u00f3n de los servicios cl\u00ednicos, quir\u00fargicos y diagn\u00f3sticos"},"content":{"rendered":"\r\n<p><img loading=\"lazy\" decoding=\"async\" class=\"alignnone size-medium wp-image-534\" src=\"https:\/\/periodicolarepublica.com\/wp-content\/uploads\/2024\/03\/IMG-20240328-WA0167-300x204.jpg\" alt=\"\" width=\"300\" height=\"204\" srcset=\"https:\/\/periodicolarepublica.com\/wp-content\/uploads\/2024\/03\/IMG-20240328-WA0167-300x204.jpg?v=1715379802 300w, https:\/\/periodicolarepublica.com\/wp-content\/uploads\/2024\/03\/IMG-20240328-WA0167-150x102.jpg?v=1715379802 150w, https:\/\/periodicolarepublica.com\/wp-content\/uploads\/2024\/03\/IMG-20240328-WA0167-600x409.jpg?v=1715379802 600w, https:\/\/periodicolarepublica.com\/wp-content\/uploads\/2024\/03\/IMG-20240328-WA0167-696x474.jpg?v=1715379802 696w, https:\/\/periodicolarepublica.com\/wp-content\/uploads\/2024\/03\/IMG-20240328-WA0167.jpg?v=1715379802 718w\" sizes=\"auto, (max-width: 300px) 100vw, 300px\" \/>\u00a0 Santo Domingo- El\u00a0 Ministro de Salud P\u00fablica, el doctor V\u00edctor Atallah, expres\u00f3 su compromiso con el fortalecimiento del proceso de habilitaci\u00f3n de los servicios cl\u00ednicos, quir\u00fargicos y diagn\u00f3sticos en el pa\u00eds. En un acto especial llevado a cabo en la sede del Ministerio, el titular de salud present\u00f3 formalmente el nuevo \u00abReglamento T\u00e9cnico para la Habilitaci\u00f3n de los Servicios Cl\u00ednicos, Quir\u00fargicos y Diagn\u00f3sticos\u00bb, el cual tiene como objetivo garantizar que el ejercicio m\u00e9dico se realice de acuerdo con las normas establecidas en la Ley 42-01 y que se mantenga una alta calidad en la prestaci\u00f3n de servicios de salud. <br \/><br \/>Durante su discurso, el Ministro Atallah destac\u00f3 la importancia de contar con un marco normativo s\u00f3lido que regule y supervise los servicios cl\u00ednicos, quir\u00fargicos y diagn\u00f3sticos en el pa\u00eds. El nuevo reglamento t\u00e9cnico establece los requisitos y est\u00e1ndares m\u00ednimos que deben cumplir los establecimientos de salud para obtener la habilitaci\u00f3n correspondiente, con el fin de garantizar la seguridad de los pacientes y la calidad de la atenci\u00f3n m\u00e9dica. <br \/><br \/>El Ministro Atallah enfatiz\u00f3 que este nuevo reglamento fortalecer\u00e1 el proceso de habilitaci\u00f3n, permitiendo una evaluaci\u00f3n m\u00e1s rigurosa y exhaustiva de los servicios cl\u00ednicos, quir\u00fargicos y diagn\u00f3sticos. Asimismo, asegur\u00f3 que se promover\u00e1 la adopci\u00f3n de mejores pr\u00e1cticas y se fomentar\u00e1 la actualizaci\u00f3n constante de los profesionales de la salud, a fin de mantener un alto nivel de excelencia en la atenci\u00f3n m\u00e9dica. <br \/><br \/>El Ministerio de Salud P\u00fablica ha establecido un cronograma de implementaci\u00f3n progresiva del nuevo reglamento, el cual incluye capacitaciones para el personal m\u00e9dico y la realizaci\u00f3n de inspecciones y evaluaciones peri\u00f3dicas de los establecimientos de salud. Adem\u00e1s, se ha habilitado una l\u00ednea telef\u00f3nica y un correo electr\u00f3nico para recibir consultas y denuncias relacionadas con el cumplimiento de los requisitos establecidos en el reglamento. <br \/><br \/>El Ministro Atallah concluy\u00f3 su intervenci\u00f3n reafirmando el compromiso del Ministerio de Salud P\u00fablica de velar por la salud y el bienestar de la poblaci\u00f3n, y de garantizar que se cumplan los est\u00e1ndares m\u00e1s altos en la prestaci\u00f3n de servicios de salud en el pa\u00eds,<\/p>\r\n","protected":false},"excerpt":{"rendered":"<p>\u00a0 Santo Domingo- El\u00a0 Ministro de Salud P\u00fablica, el doctor V\u00edctor Atallah, expres\u00f3 su compromiso con el fortalecimiento del proceso de habilitaci\u00f3n de los servicios cl\u00ednicos, quir\u00fargicos y diagn\u00f3sticos en el pa\u00eds. En un acto especial llevado a cabo en la sede del Ministerio, el titular de salud present\u00f3 formalmente el nuevo \u00abReglamento T\u00e9cnico para [&hellip;]<\/p>\n","protected":false},"author":6,"featured_media":534,"comment_status":"open","ping_status":"open","sticky":false,"template":"","format":"standard","meta":{"om_disable_all_campaigns":false,"_monsterinsights_skip_tracking":false,"_monsterinsights_sitenote_active":false,"_monsterinsights_sitenote_note":"","_monsterinsights_sitenote_category":0,"footnotes":""},"categories":[1],"tags":[],"class_list":{"0":"post-547","1":"post","2":"type-post","3":"status-publish","4":"format-standard","5":"has-post-thumbnail","7":"category-nacionales"},"aioseo_notices":[],"_links":{"self":[{"href":"https:\/\/periodicolarepublica.com\/index.php\/wp-json\/wp\/v2\/posts\/547","targetHints":{"allow":["GET"]}}],"collection":[{"href":"https:\/\/periodicolarepublica.com\/index.php\/wp-json\/wp\/v2\/posts"}],"about":[{"href":"https:\/\/periodicolarepublica.com\/index.php\/wp-json\/wp\/v2\/types\/post"}],"author":[{"embeddable":true,"href":"https:\/\/periodicolarepublica.com\/index.php\/wp-json\/wp\/v2\/users\/6"}],"replies":[{"embeddable":true,"href":"https:\/\/periodicolarepublica.com\/index.php\/wp-json\/wp\/v2\/comments?post=547"}],"version-history":[{"count":4,"href":"https:\/\/periodicolarepublica.com\/index.php\/wp-json\/wp\/v2\/posts\/547\/revisions"}],"predecessor-version":[{"id":553,"href":"https:\/\/periodicolarepublica.com\/index.php\/wp-json\/wp\/v2\/posts\/547\/revisions\/553"}],"wp:featuredmedia":[{"embeddable":true,"href":"https:\/\/periodicolarepublica.com\/index.php\/wp-json\/wp\/v2\/media\/534"}],"wp:attachment":[{"href":"https:\/\/periodicolarepublica.com\/index.php\/wp-json\/wp\/v2\/media?parent=547"}],"wp:term":[{"taxonomy":"category","embeddable":true,"href":"https:\/\/periodicolarepublica.com\/index.php\/wp-json\/wp\/v2\/categories?post=547"},{"taxonomy":"post_tag","embeddable":true,"href":"https:\/\/periodicolarepublica.com\/index.php\/wp-json\/wp\/v2\/tags?post=547"}],"curies":[{"name":"wp","href":"https:\/\/api.w.org\/{rel}","templated":true}]}}