{"id":555,"date":"2024-04-07T15:37:29","date_gmt":"2024-04-07T13:37:29","guid":{"rendered":"https:\/\/periodicolarepublica.com\/?p=555"},"modified":"2024-04-07T16:13:53","modified_gmt":"2024-04-07T14:13:53","slug":"el-ministro-de-salud-publica-destaca-el-avance-y-la-evolucion-del-sistema-de-salud-en-la-republica-dominicana-en-el-dia-mundial-de-la-salud","status":"publish","type":"post","link":"https:\/\/periodicolarepublica.com\/index.php\/2024\/04\/07\/el-ministro-de-salud-publica-destaca-el-avance-y-la-evolucion-del-sistema-de-salud-en-la-republica-dominicana-en-el-dia-mundial-de-la-salud\/","title":{"rendered":"El Ministro de salud Publica destaca el avance y la evoluci\u00f3n del sistema de salud en la Rep\u00fablica Dominicana en el D\u00eda Mundial de la Salud"},"content":{"rendered":"\r\n<p><img loading=\"lazy\" decoding=\"async\" class=\"alignnone size-medium wp-image-534\" src=\"https:\/\/periodicolarepublica.com\/wp-content\/uploads\/2024\/03\/IMG-20240328-WA0167-300x204.jpg\" alt=\"\" width=\"300\" height=\"204\" srcset=\"https:\/\/periodicolarepublica.com\/wp-content\/uploads\/2024\/03\/IMG-20240328-WA0167-300x204.jpg?v=1715379802 300w, https:\/\/periodicolarepublica.com\/wp-content\/uploads\/2024\/03\/IMG-20240328-WA0167-150x102.jpg?v=1715379802 150w, https:\/\/periodicolarepublica.com\/wp-content\/uploads\/2024\/03\/IMG-20240328-WA0167-600x409.jpg?v=1715379802 600w, https:\/\/periodicolarepublica.com\/wp-content\/uploads\/2024\/03\/IMG-20240328-WA0167-696x474.jpg?v=1715379802 696w, https:\/\/periodicolarepublica.com\/wp-content\/uploads\/2024\/03\/IMG-20240328-WA0167.jpg?v=1715379802 718w\" sizes=\"auto, (max-width: 300px) 100vw, 300px\" \/>Santo Domingo- En conmemoraci\u00f3n del D\u00eda Mundial de la Salud, el Ministro de Salud P\u00fablica, V\u00edctor Atallah, hizo una declaraci\u00f3n en la que resalt\u00f3 el significativo avance y la constante evoluci\u00f3n del sistema de salud en la Rep\u00fablica Dominicana. El Ministro enfatiz\u00f3 los logros alcanzados hasta la fecha y destac\u00f3 los esfuerzos en curso para mejorar y fortalecer el sector de la salud en todo el pa\u00eds. <br \/><br \/>Durante su intervenci\u00f3n, el Ministro Atallah destac\u00f3 el progreso sustancial que ha experimentado la Rep\u00fablica Dominicana en todas las \u00e1reas relacionadas con la salud. Se han implementado diversas medidas y pol\u00edticas innovadoras que han impulsado la calidad de los servicios de atenci\u00f3n m\u00e9dica y han contribuido a mejorar la salud y el bienestar de la poblaci\u00f3n. <br \/><br \/>Entre los aspectos m\u00e1s destacados mencionados por el Ministro se encuentran los siguientes: <br \/><br \/>1. Modernizaci\u00f3n de la infraestructura: El gobierno ha realizado inversiones significativas para modernizar y fortalecer la infraestructura de salud en todo el pa\u00eds. Esto ha permitido la creaci\u00f3n de centros m\u00e9dicos bien equipados y tecnol\u00f3gicamente avanzados, lo que ha mejorado la capacidad para brindar una atenci\u00f3n m\u00e9dica de calidad. <br \/><br \/>2. Ampliaci\u00f3n de la cobertura: Se ha trabajado arduamente para expandir y fortalecer la cobertura de salud en la Rep\u00fablica Dominicana. A trav\u00e9s de la implementaci\u00f3n de programas y pol\u00edticas inclusivas, se ha logrado que un mayor n\u00famero de personas tengan acceso a servicios m\u00e9dicos fundamentales, independientemente de su ubicaci\u00f3n geogr\u00e1fica o su nivel socioecon\u00f3mico. <br \/><br \/>3. Promoci\u00f3n de la prevenci\u00f3n y la educaci\u00f3n: Se han impulsado campa\u00f1as de prevenci\u00f3n y programas educativos en todo el pa\u00eds, con el objetivo de fomentar estilos de vida saludables y concienciar sobre la importancia de la prevenci\u00f3n de enfermedades. Estas iniciativas han sido fundamentales para reducir la incidencia de enfermedades y promover una cultura de cuidado de la salud. <br \/><br \/>El Ministro Atallah subray\u00f3 el compromiso continuo del gobierno dominicano de avanzar en el desarrollo del sistema de salud y promover la evoluci\u00f3n constante del sector. \u00abEstamos decididos a seguir avanzando y mejorando la salud y el bienestar de nuestra poblaci\u00f3n. Trabajaremos incansablemente para garantizar que todos los dominicanos tengan acceso a una atenci\u00f3n m\u00e9dica de calidad y a servicios de salud modernos\u00bb, afirm\u00f3 el Ministro.<\/p>\r\n","protected":false},"excerpt":{"rendered":"<p>Santo Domingo- En conmemoraci\u00f3n del D\u00eda Mundial de la Salud, el Ministro de Salud P\u00fablica, V\u00edctor Atallah, hizo una declaraci\u00f3n en la que resalt\u00f3 el significativo avance y la constante evoluci\u00f3n del sistema de salud en la Rep\u00fablica Dominicana. El Ministro enfatiz\u00f3 los logros alcanzados hasta la fecha y destac\u00f3 los esfuerzos en curso para [&hellip;]<\/p>\n","protected":false},"author":6,"featured_media":534,"comment_status":"open","ping_status":"open","sticky":false,"template":"","format":"standard","meta":{"om_disable_all_campaigns":false,"_monsterinsights_skip_tracking":false,"_monsterinsights_sitenote_active":false,"_monsterinsights_sitenote_note":"","_monsterinsights_sitenote_category":0,"footnotes":""},"categories":[1],"tags":[159,160],"class_list":{"0":"post-555","1":"post","2":"type-post","3":"status-publish","4":"format-standard","5":"has-post-thumbnail","7":"category-nacionales","8":"tag-ministro-de-salud-publica-victor-atallah","9":"tag-salud-publica"},"aioseo_notices":[],"_links":{"self":[{"href":"https:\/\/periodicolarepublica.com\/index.php\/wp-json\/wp\/v2\/posts\/555","targetHints":{"allow":["GET"]}}],"collection":[{"href":"https:\/\/periodicolarepublica.com\/index.php\/wp-json\/wp\/v2\/posts"}],"about":[{"href":"https:\/\/periodicolarepublica.com\/index.php\/wp-json\/wp\/v2\/types\/post"}],"author":[{"embeddable":true,"href":"https:\/\/periodicolarepublica.com\/index.php\/wp-json\/wp\/v2\/users\/6"}],"replies":[{"embeddable":true,"href":"https:\/\/periodicolarepublica.com\/index.php\/wp-json\/wp\/v2\/comments?post=555"}],"version-history":[{"count":2,"href":"https:\/\/periodicolarepublica.com\/index.php\/wp-json\/wp\/v2\/posts\/555\/revisions"}],"predecessor-version":[{"id":576,"href":"https:\/\/periodicolarepublica.com\/index.php\/wp-json\/wp\/v2\/posts\/555\/revisions\/576"}],"wp:featuredmedia":[{"embeddable":true,"href":"https:\/\/periodicolarepublica.com\/index.php\/wp-json\/wp\/v2\/media\/534"}],"wp:attachment":[{"href":"https:\/\/periodicolarepublica.com\/index.php\/wp-json\/wp\/v2\/media?parent=555"}],"wp:term":[{"taxonomy":"category","embeddable":true,"href":"https:\/\/periodicolarepublica.com\/index.php\/wp-json\/wp\/v2\/categories?post=555"},{"taxonomy":"post_tag","embeddable":true,"href":"https:\/\/periodicolarepublica.com\/index.php\/wp-json\/wp\/v2\/tags?post=555"}],"curies":[{"name":"wp","href":"https:\/\/api.w.org\/{rel}","templated":true}]}}