{"id":560,"date":"2024-04-06T16:52:06","date_gmt":"2024-04-06T14:52:06","guid":{"rendered":"https:\/\/periodicolarepublica.com\/?p=560"},"modified":"2024-04-06T16:52:06","modified_gmt":"2024-04-06T14:52:06","slug":"un-exito-el-dominican-trade-show-en-miami","status":"publish","type":"post","link":"https:\/\/periodicolarepublica.com\/index.php\/2024\/04\/06\/un-exito-el-dominican-trade-show-en-miami\/","title":{"rendered":"Un \u00c9xito! El Dominican Trade Show en Miami"},"content":{"rendered":"<p style=\"text-align: left;\">\n<p>&nbsp;<\/p>\n<p><img loading=\"lazy\" decoding=\"async\" class=\"alignnone size-medium wp-image-562\" src=\"https:\/\/periodicolarepublica.com\/wp-content\/uploads\/2024\/04\/Picsart_24-04-06_10-44-46-859-300x169.jpg\" alt=\"\" width=\"300\" height=\"169\" srcset=\"https:\/\/periodicolarepublica.com\/wp-content\/uploads\/2024\/04\/Picsart_24-04-06_10-44-46-859-300x169.jpg?v=1715379801 300w, https:\/\/periodicolarepublica.com\/wp-content\/uploads\/2024\/04\/Picsart_24-04-06_10-44-46-859-1024x576.jpg?v=1715379801 1024w, https:\/\/periodicolarepublica.com\/wp-content\/uploads\/2024\/04\/Picsart_24-04-06_10-44-46-859-768x432.jpg?v=1715379801 768w, https:\/\/periodicolarepublica.com\/wp-content\/uploads\/2024\/04\/Picsart_24-04-06_10-44-46-859-1536x864.jpg?v=1715379801 1536w, https:\/\/periodicolarepublica.com\/wp-content\/uploads\/2024\/04\/Picsart_24-04-06_10-44-46-859-2048x1152.jpg?v=1715379801 2048w, https:\/\/periodicolarepublica.com\/wp-content\/uploads\/2024\/04\/Picsart_24-04-06_10-44-46-859-150x84.jpg?v=1715379801 150w, https:\/\/periodicolarepublica.com\/wp-content\/uploads\/2024\/04\/Picsart_24-04-06_10-44-46-859-600x338.jpg?v=1715379801 600w, https:\/\/periodicolarepublica.com\/wp-content\/uploads\/2024\/04\/Picsart_24-04-06_10-44-46-859-696x392.jpg?v=1715379801 696w, https:\/\/periodicolarepublica.com\/wp-content\/uploads\/2024\/04\/Picsart_24-04-06_10-44-46-859-1392x783.jpg?v=1715379801 1392w, https:\/\/periodicolarepublica.com\/wp-content\/uploads\/2024\/04\/Picsart_24-04-06_10-44-46-859-1068x601.jpg?v=1715379801 1068w, https:\/\/periodicolarepublica.com\/wp-content\/uploads\/2024\/04\/Picsart_24-04-06_10-44-46-859-1920x1080.jpg?v=1715379801 1920w\" sizes=\"auto, (max-width: 300px) 100vw, 300px\" \/><\/p>\n<p>El Dominican Trade Show en Miami, en su segunda edici\u00f3n, fue declarado como todo un \u00e9xito, as\u00ed lo expres\u00f3 el Ministro de Turismo, David Collado, al concluir la actividad al corresponsal de La Rep\u00fablica, M\u00e1ximo Mi\u00f1oso, quien estuvo presente cubriendo las incidencias.<\/p>\n<p>El evento que reuni\u00f3 a empresas y emprendedores dominicanos para promocionar sus productos y servicios en el ambito de turismo, como las lineas aereas, hoteles y mas para en el mercado estadounidense.<\/p>\n<p>Collado, tambi\u00e9n\u00a0 destac\u00f3 la importancia de promover el comercio y la inversi\u00f3n entre ambos pa\u00edses. Collado se reuni\u00f3 con empresarios y l\u00edderes de la comunidad dominicana en Miami para discutir oportunidades de colaboraci\u00f3n y fortalecer los lazos comerciales para el sector del turismo de la Rep\u00fablica Dominicana.<\/p>\n","protected":false},"excerpt":{"rendered":"<p>&nbsp; El Dominican Trade Show en Miami, en su segunda edici\u00f3n, fue declarado como todo un \u00e9xito, as\u00ed lo expres\u00f3 el Ministro de Turismo, David Collado, al concluir la actividad al corresponsal de La Rep\u00fablica, M\u00e1ximo Mi\u00f1oso, quien estuvo presente cubriendo las incidencias. El evento que reuni\u00f3 a empresas y emprendedores dominicanos para promocionar sus [&hellip;]<\/p>\n","protected":false},"author":1,"featured_media":562,"comment_status":"open","ping_status":"open","sticky":false,"template":"","format":"standard","meta":{"om_disable_all_campaigns":false,"_monsterinsights_skip_tracking":false,"_monsterinsights_sitenote_active":false,"_monsterinsights_sitenote_note":"","_monsterinsights_sitenote_category":0,"footnotes":""},"categories":[20],"tags":[30,156,155,59],"class_list":{"0":"post-560","1":"post","2":"type-post","3":"status-publish","4":"format-standard","5":"has-post-thumbnail","7":"category-turismo","8":"tag-david-collado","9":"tag-la-republica-tv","10":"tag-maximo-minoso","11":"tag-miami"},"aioseo_notices":[],"_links":{"self":[{"href":"https:\/\/periodicolarepublica.com\/index.php\/wp-json\/wp\/v2\/posts\/560","targetHints":{"allow":["GET"]}}],"collection":[{"href":"https:\/\/periodicolarepublica.com\/index.php\/wp-json\/wp\/v2\/posts"}],"about":[{"href":"https:\/\/periodicolarepublica.com\/index.php\/wp-json\/wp\/v2\/types\/post"}],"author":[{"embeddable":true,"href":"https:\/\/periodicolarepublica.com\/index.php\/wp-json\/wp\/v2\/users\/1"}],"replies":[{"embeddable":true,"href":"https:\/\/periodicolarepublica.com\/index.php\/wp-json\/wp\/v2\/comments?post=560"}],"version-history":[{"count":1,"href":"https:\/\/periodicolarepublica.com\/index.php\/wp-json\/wp\/v2\/posts\/560\/revisions"}],"predecessor-version":[{"id":563,"href":"https:\/\/periodicolarepublica.com\/index.php\/wp-json\/wp\/v2\/posts\/560\/revisions\/563"}],"wp:featuredmedia":[{"embeddable":true,"href":"https:\/\/periodicolarepublica.com\/index.php\/wp-json\/wp\/v2\/media\/562"}],"wp:attachment":[{"href":"https:\/\/periodicolarepublica.com\/index.php\/wp-json\/wp\/v2\/media?parent=560"}],"wp:term":[{"taxonomy":"category","embeddable":true,"href":"https:\/\/periodicolarepublica.com\/index.php\/wp-json\/wp\/v2\/categories?post=560"},{"taxonomy":"post_tag","embeddable":true,"href":"https:\/\/periodicolarepublica.com\/index.php\/wp-json\/wp\/v2\/tags?post=560"}],"curies":[{"name":"wp","href":"https:\/\/api.w.org\/{rel}","templated":true}]}}