{"id":5605,"date":"2026-04-04T16:02:04","date_gmt":"2026-04-04T20:02:04","guid":{"rendered":"https:\/\/periodicolarepublica.com\/?p=5605"},"modified":"2026-04-04T16:02:04","modified_gmt":"2026-04-04T20:02:04","slug":"mata-de-limon-dedica-torneo-semana-santa-2026-a-ruddy-de-los-santos","status":"publish","type":"post","link":"https:\/\/periodicolarepublica.com\/index.php\/2026\/04\/04\/mata-de-limon-dedica-torneo-semana-santa-2026-a-ruddy-de-los-santos\/","title":{"rendered":"Mata de Lim\u00f3n dedica Torneo Semana Santa 2026 a Ruddy de los Santos"},"content":{"rendered":"<p>En un emotivo gesto de reconocimiento y valoraci\u00f3n comunitaria, el Club Deportivo de Mata de Lim\u00f3n dedic\u00f3 su Torneo Deportivo de Semana Santa 2026 a Ruddy de los Santos, director de Gala Media y del programa Amigos que Suman, por su cercan\u00eda permanente con la comunidad y su apoyo constante a iniciativas sociales y deportivas.<\/p>\n<p>Ruddy de los Santos, nacido en Mata de Lim\u00f3n, expres\u00f3 su profundo agradecimiento por la distinci\u00f3n, destacando el compromiso que siempre ha mantenido con su lugar de origen, al que procura estar presente apoyando y colaborando en cada causa que contribuya al bienestar colectivo.<\/p>\n<p>La dedicatoria del Torneo Deportivo de Semana Santa 2026 representa un s\u00edmbolo de gratitud de la comunidad hacia quienes, aun desde distintos espacios, contin\u00faan aportando al desarrollo social, deportivo y humano de Mata de Lim\u00f3n.<\/p>\n<p>Este reconocimiento reafirma el esp\u00edritu de unidad comunitaria y el valor de mantener vivas las ra\u00edces, promoviendo el ejemplo de liderazgo positivo y compromiso con las nuevas generaciones.<\/p>\n<p><img loading=\"lazy\" decoding=\"async\" class=\"alignnone size-medium wp-image-5606\" src=\"https:\/\/periodicolarepublica.com\/wp-content\/uploads\/2026\/04\/IMG-20260404-WA0011-e1775332876405-300x253.jpg\" alt=\"\" width=\"300\" height=\"253\" \/><\/p>\n<p>&nbsp;<\/p>\n","protected":false},"excerpt":{"rendered":"<p>En un emotivo gesto de reconocimiento y valoraci\u00f3n comunitaria, el Club Deportivo de Mata de Lim\u00f3n dedic\u00f3 su Torneo Deportivo de Semana Santa 2026 a Ruddy de los Santos, director de Gala Media y del programa Amigos que Suman, por su cercan\u00eda permanente con la comunidad y su apoyo constante a iniciativas sociales y deportivas. [&hellip;]<\/p>\n","protected":false},"author":1,"featured_media":5606,"comment_status":"open","ping_status":"open","sticky":false,"template":"","format":"standard","meta":{"om_disable_all_campaigns":false,"_monsterinsights_skip_tracking":false,"_monsterinsights_sitenote_active":false,"_monsterinsights_sitenote_note":"","_monsterinsights_sitenote_category":0,"footnotes":""},"categories":[1],"tags":[],"class_list":{"0":"post-5605","1":"post","2":"type-post","3":"status-publish","4":"format-standard","5":"has-post-thumbnail","7":"category-nacionales"},"aioseo_notices":[],"_links":{"self":[{"href":"https:\/\/periodicolarepublica.com\/index.php\/wp-json\/wp\/v2\/posts\/5605","targetHints":{"allow":["GET"]}}],"collection":[{"href":"https:\/\/periodicolarepublica.com\/index.php\/wp-json\/wp\/v2\/posts"}],"about":[{"href":"https:\/\/periodicolarepublica.com\/index.php\/wp-json\/wp\/v2\/types\/post"}],"author":[{"embeddable":true,"href":"https:\/\/periodicolarepublica.com\/index.php\/wp-json\/wp\/v2\/users\/1"}],"replies":[{"embeddable":true,"href":"https:\/\/periodicolarepublica.com\/index.php\/wp-json\/wp\/v2\/comments?post=5605"}],"version-history":[{"count":1,"href":"https:\/\/periodicolarepublica.com\/index.php\/wp-json\/wp\/v2\/posts\/5605\/revisions"}],"predecessor-version":[{"id":5607,"href":"https:\/\/periodicolarepublica.com\/index.php\/wp-json\/wp\/v2\/posts\/5605\/revisions\/5607"}],"wp:featuredmedia":[{"embeddable":true,"href":"https:\/\/periodicolarepublica.com\/index.php\/wp-json\/wp\/v2\/media\/5606"}],"wp:attachment":[{"href":"https:\/\/periodicolarepublica.com\/index.php\/wp-json\/wp\/v2\/media?parent=5605"}],"wp:term":[{"taxonomy":"category","embeddable":true,"href":"https:\/\/periodicolarepublica.com\/index.php\/wp-json\/wp\/v2\/categories?post=5605"},{"taxonomy":"post_tag","embeddable":true,"href":"https:\/\/periodicolarepublica.com\/index.php\/wp-json\/wp\/v2\/tags?post=5605"}],"curies":[{"name":"wp","href":"https:\/\/api.w.org\/{rel}","templated":true}]}}