{"id":5608,"date":"2026-04-04T20:23:01","date_gmt":"2026-04-05T00:23:01","guid":{"rendered":"https:\/\/periodicolarepublica.com\/?p=5608"},"modified":"2026-04-04T20:23:01","modified_gmt":"2026-04-05T00:23:01","slug":"ministerio-de-educacion-llama-a-la-comunidad-educativa-al-regreso-a-clases-este-lunes-6-de-abril-tras-asueto-de-semana-santa","status":"publish","type":"post","link":"https:\/\/periodicolarepublica.com\/index.php\/2026\/04\/04\/ministerio-de-educacion-llama-a-la-comunidad-educativa-al-regreso-a-clases-este-lunes-6-de-abril-tras-asueto-de-semana-santa\/","title":{"rendered":"Ministerio de Educaci\u00f3n llama a la comunidad educativa al regreso a clases este lunes 6 de abril, tras asueto de Semana Santa"},"content":{"rendered":"<p>*Ministerio de Educaci\u00f3n llama a la comunidad educativa al regreso a clases este lunes 6 de abril, tras asueto de Semana Sant*<\/p>\n<p>&nbsp;<\/p>\n<p>El Ministerio de Educaci\u00f3n de la Rep\u00fablica Dominicana (MINERD) convoc\u00f3 a los estudiantes, personal docente y administrativo de los centros educativos p\u00fablicos y privados a integrarse a las aulas este lunes 6 de abril, luego del asueto de Semana Santa.<\/p>\n<p>&nbsp;<\/p>\n<p>La instituci\u00f3n inst\u00f3 a los padres y tutores a enviar puntualmente a sus hijos a los planteles educativos para continuar con el desarrollo del calendario escolar, con el prop\u00f3sito de no retrasar su proceso formativo y seguir fortaleciendo la educaci\u00f3n dominicana.<\/p>\n<p>&nbsp;<\/p>\n<p>Igualmente, la cartera educativa reiter\u00f3 que las familias tienen la responsabilidad compartida de mantener el compromiso de aportar, desde sus hogares, a la educaci\u00f3n de calidad, para ser parte del proceso de ense\u00f1anza-aprendizaje de sus hijos.<\/p>\n<p>&nbsp;<\/p>\n<p>El MINERD confirma que el personal docente, administrativo y de apoyo de sus respectivos centros educativos estar\u00e1 listo esperando el regreso de cada estudiante despu\u00e9s del breve receso de la Semana Mayor.<\/p>\n<p>&nbsp;<\/p>\n<p>*Direcci\u00f3n de Comunicaciones*<\/p>\n<p>&nbsp;<\/p>\n<figure id=\"attachment_4486\" aria-describedby=\"caption-attachment-4486\" style=\"width: 300px\" class=\"wp-caption alignnone\"><img loading=\"lazy\" decoding=\"async\" class=\"size-medium wp-image-4486\" src=\"https:\/\/periodicolarepublica.com\/wp-content\/uploads\/2025\/11\/RegularizacionTecnicosDocentes202202-e1764506767153-300x278.png\" alt=\"\" width=\"300\" height=\"278\" srcset=\"https:\/\/periodicolarepublica.com\/wp-content\/uploads\/2025\/11\/RegularizacionTecnicosDocentes202202-e1764506767153-300x278.png 300w, https:\/\/periodicolarepublica.com\/wp-content\/uploads\/2025\/11\/RegularizacionTecnicosDocentes202202-e1764506767153-150x139.png 150w, https:\/\/periodicolarepublica.com\/wp-content\/uploads\/2025\/11\/RegularizacionTecnicosDocentes202202-e1764506767153-600x557.png 600w, https:\/\/periodicolarepublica.com\/wp-content\/uploads\/2025\/11\/RegularizacionTecnicosDocentes202202-e1764506767153-648x603.png 648w, https:\/\/periodicolarepublica.com\/wp-content\/uploads\/2025\/11\/RegularizacionTecnicosDocentes202202-e1764506767153.png 650w\" sizes=\"auto, (max-width: 300px) 100vw, 300px\" \/><figcaption id=\"caption-attachment-4486\" class=\"wp-caption-text\">Minerd<\/figcaption><\/figure>\n","protected":false},"excerpt":{"rendered":"<p>*Ministerio de Educaci\u00f3n llama a la comunidad educativa al regreso a clases este lunes 6 de abril, tras asueto de Semana Sant* &nbsp; El Ministerio de Educaci\u00f3n de la Rep\u00fablica Dominicana (MINERD) convoc\u00f3 a los estudiantes, personal docente y administrativo de los centros educativos p\u00fablicos y privados a integrarse a las aulas este lunes 6 [&hellip;]<\/p>\n","protected":false},"author":6,"featured_media":4486,"comment_status":"open","ping_status":"open","sticky":false,"template":"","format":"standard","meta":{"om_disable_all_campaigns":false,"_monsterinsights_skip_tracking":false,"_monsterinsights_sitenote_active":false,"_monsterinsights_sitenote_note":"","_monsterinsights_sitenote_category":0,"footnotes":""},"categories":[1],"tags":[],"class_list":{"0":"post-5608","1":"post","2":"type-post","3":"status-publish","4":"format-standard","5":"has-post-thumbnail","7":"category-nacionales"},"aioseo_notices":[],"_links":{"self":[{"href":"https:\/\/periodicolarepublica.com\/index.php\/wp-json\/wp\/v2\/posts\/5608","targetHints":{"allow":["GET"]}}],"collection":[{"href":"https:\/\/periodicolarepublica.com\/index.php\/wp-json\/wp\/v2\/posts"}],"about":[{"href":"https:\/\/periodicolarepublica.com\/index.php\/wp-json\/wp\/v2\/types\/post"}],"author":[{"embeddable":true,"href":"https:\/\/periodicolarepublica.com\/index.php\/wp-json\/wp\/v2\/users\/6"}],"replies":[{"embeddable":true,"href":"https:\/\/periodicolarepublica.com\/index.php\/wp-json\/wp\/v2\/comments?post=5608"}],"version-history":[{"count":1,"href":"https:\/\/periodicolarepublica.com\/index.php\/wp-json\/wp\/v2\/posts\/5608\/revisions"}],"predecessor-version":[{"id":5609,"href":"https:\/\/periodicolarepublica.com\/index.php\/wp-json\/wp\/v2\/posts\/5608\/revisions\/5609"}],"wp:featuredmedia":[{"embeddable":true,"href":"https:\/\/periodicolarepublica.com\/index.php\/wp-json\/wp\/v2\/media\/4486"}],"wp:attachment":[{"href":"https:\/\/periodicolarepublica.com\/index.php\/wp-json\/wp\/v2\/media?parent=5608"}],"wp:term":[{"taxonomy":"category","embeddable":true,"href":"https:\/\/periodicolarepublica.com\/index.php\/wp-json\/wp\/v2\/categories?post=5608"},{"taxonomy":"post_tag","embeddable":true,"href":"https:\/\/periodicolarepublica.com\/index.php\/wp-json\/wp\/v2\/tags?post=5608"}],"curies":[{"name":"wp","href":"https:\/\/api.w.org\/{rel}","templated":true}]}}