{"id":571,"date":"2024-04-06T18:21:59","date_gmt":"2024-04-06T16:21:59","guid":{"rendered":"https:\/\/periodicolarepublica.com\/?p=571"},"modified":"2024-04-06T18:21:59","modified_gmt":"2024-04-06T16:21:59","slug":"comite-ejecutivo-de-adeti-se-reunen-con-presidente-luis-abinader","status":"publish","type":"post","link":"https:\/\/periodicolarepublica.com\/index.php\/2024\/04\/06\/comite-ejecutivo-de-adeti-se-reunen-con-presidente-luis-abinader\/","title":{"rendered":"Comite Ejecutivo de ADETI se re\u00fanen con Presidente Luis Abinader"},"content":{"rendered":"<p><img loading=\"lazy\" decoding=\"async\" class=\"alignnone size-medium wp-image-572\" src=\"https:\/\/periodicolarepublica.com\/wp-content\/uploads\/2024\/04\/Picsart_24-04-06_12-19-27-228-300x169.jpg\" alt=\"\" width=\"300\" height=\"169\" srcset=\"https:\/\/periodicolarepublica.com\/wp-content\/uploads\/2024\/04\/Picsart_24-04-06_12-19-27-228-300x169.jpg?v=1715379800 300w, https:\/\/periodicolarepublica.com\/wp-content\/uploads\/2024\/04\/Picsart_24-04-06_12-19-27-228-1024x576.jpg?v=1715379800 1024w, https:\/\/periodicolarepublica.com\/wp-content\/uploads\/2024\/04\/Picsart_24-04-06_12-19-27-228-768x432.jpg?v=1715379800 768w, https:\/\/periodicolarepublica.com\/wp-content\/uploads\/2024\/04\/Picsart_24-04-06_12-19-27-228-1536x864.jpg?v=1715379800 1536w, https:\/\/periodicolarepublica.com\/wp-content\/uploads\/2024\/04\/Picsart_24-04-06_12-19-27-228-2048x1152.jpg?v=1715379800 2048w, https:\/\/periodicolarepublica.com\/wp-content\/uploads\/2024\/04\/Picsart_24-04-06_12-19-27-228-150x84.jpg?v=1715379800 150w, https:\/\/periodicolarepublica.com\/wp-content\/uploads\/2024\/04\/Picsart_24-04-06_12-19-27-228-600x338.jpg?v=1715379800 600w, https:\/\/periodicolarepublica.com\/wp-content\/uploads\/2024\/04\/Picsart_24-04-06_12-19-27-228-696x392.jpg?v=1715379800 696w, https:\/\/periodicolarepublica.com\/wp-content\/uploads\/2024\/04\/Picsart_24-04-06_12-19-27-228-1392x783.jpg?v=1715379800 1392w, https:\/\/periodicolarepublica.com\/wp-content\/uploads\/2024\/04\/Picsart_24-04-06_12-19-27-228-1068x601.jpg?v=1715379800 1068w, https:\/\/periodicolarepublica.com\/wp-content\/uploads\/2024\/04\/Picsart_24-04-06_12-19-27-228-1920x1080.jpg?v=1715379800 1920w\" sizes=\"auto, (max-width: 300px) 100vw, 300px\" \/><\/p>\n<p>La Asociaci\u00f3n Dominicana de Empresas Tur\u00edsticas Inmobiliarias (ADETI), representados por su comite ejecutivo con su Presidente Eduardo Read y el Director Ejecutivo, Michael Lugo,\u00a0 se reunieron\u00a0 con el Presidente Luis Abinader, donde tambi\u00e9n participaron los ministros Joel Santos\u00a0 de la Presidencia y David Collado de Turismo, con el fin de compartir puntos de inter\u00e9s del sector Tur\u00edstico Inmobiliario.<\/p>\n<p>Durante la reuni\u00f3n, se discutieron diversos temas como la promoci\u00f3n de la inversi\u00f3n extranjera en el sector tur\u00edstico inmobiliario, la simplificaci\u00f3n de tr\u00e1mites para la construcci\u00f3n de proyectos y la importancia de seguir fortaleciendo la infraestructura tur\u00edstica del pa\u00eds.<\/p>\n<p>El Presidente Abinader mostr\u00f3 su inter\u00e9s en seguir apoyando al sector tur\u00edstico inmobiliario, reconociendo su importancia para el desarrollo econ\u00f3mico y social de la Rep\u00fablica Dominicana. Asimismo, se comprometi\u00f3 a trabajar en conjunto con ADETI para seguir promoviendo un ambiente favorable para las inversiones en este sector.<\/p>\n<p>Por su parte, el Comit\u00e9 Ejecutivo de ADETI agradeci\u00f3 el apoyo del Gobierno y se comprometi\u00f3 a seguir trabajando en pro del crecimiento y la sostenibilidad del sector tur\u00edstico inmobiliario en el pa\u00eds.<\/p>\n<p>En conclusi\u00f3n, esta reuni\u00f3n institucional fue un importante espacio de di\u00e1logo y colaboraci\u00f3n entre el Gobierno y el sector privado, con el objetivo de seguir impulsando el desarrollo del turismo inmobiliario en la Rep\u00fablica Dominicana.<\/p>\n","protected":false},"excerpt":{"rendered":"<p>La Asociaci\u00f3n Dominicana de Empresas Tur\u00edsticas Inmobiliarias (ADETI), representados por su comite ejecutivo con su Presidente Eduardo Read y el Director Ejecutivo, Michael Lugo,\u00a0 se reunieron\u00a0 con el Presidente Luis Abinader, donde tambi\u00e9n participaron los ministros Joel Santos\u00a0 de la Presidencia y David Collado de Turismo, con el fin de compartir puntos de inter\u00e9s del [&hellip;]<\/p>\n","protected":false},"author":1,"featured_media":572,"comment_status":"open","ping_status":"open","sticky":false,"template":"","format":"standard","meta":{"om_disable_all_campaigns":false,"_monsterinsights_skip_tracking":false,"_monsterinsights_sitenote_active":false,"_monsterinsights_sitenote_note":"","_monsterinsights_sitenote_category":0,"footnotes":""},"categories":[20],"tags":[158,85,22],"class_list":{"0":"post-571","1":"post","2":"type-post","3":"status-publish","4":"format-standard","5":"has-post-thumbnail","7":"category-turismo","8":"tag-adeti","9":"tag-luis-abinader","10":"tag-turismo"},"aioseo_notices":[],"_links":{"self":[{"href":"https:\/\/periodicolarepublica.com\/index.php\/wp-json\/wp\/v2\/posts\/571","targetHints":{"allow":["GET"]}}],"collection":[{"href":"https:\/\/periodicolarepublica.com\/index.php\/wp-json\/wp\/v2\/posts"}],"about":[{"href":"https:\/\/periodicolarepublica.com\/index.php\/wp-json\/wp\/v2\/types\/post"}],"author":[{"embeddable":true,"href":"https:\/\/periodicolarepublica.com\/index.php\/wp-json\/wp\/v2\/users\/1"}],"replies":[{"embeddable":true,"href":"https:\/\/periodicolarepublica.com\/index.php\/wp-json\/wp\/v2\/comments?post=571"}],"version-history":[{"count":1,"href":"https:\/\/periodicolarepublica.com\/index.php\/wp-json\/wp\/v2\/posts\/571\/revisions"}],"predecessor-version":[{"id":573,"href":"https:\/\/periodicolarepublica.com\/index.php\/wp-json\/wp\/v2\/posts\/571\/revisions\/573"}],"wp:featuredmedia":[{"embeddable":true,"href":"https:\/\/periodicolarepublica.com\/index.php\/wp-json\/wp\/v2\/media\/572"}],"wp:attachment":[{"href":"https:\/\/periodicolarepublica.com\/index.php\/wp-json\/wp\/v2\/media?parent=571"}],"wp:term":[{"taxonomy":"category","embeddable":true,"href":"https:\/\/periodicolarepublica.com\/index.php\/wp-json\/wp\/v2\/categories?post=571"},{"taxonomy":"post_tag","embeddable":true,"href":"https:\/\/periodicolarepublica.com\/index.php\/wp-json\/wp\/v2\/tags?post=571"}],"curies":[{"name":"wp","href":"https:\/\/api.w.org\/{rel}","templated":true}]}}