{"id":575,"date":"2024-04-08T02:14:34","date_gmt":"2024-04-08T00:14:34","guid":{"rendered":"https:\/\/periodicolarepublica.com\/?p=575"},"modified":"2024-04-08T02:14:34","modified_gmt":"2024-04-08T00:14:34","slug":"ministro-de-salud-resalta-interes-del-gobierno-por-mejorar-el-acceso-inclusivo-a-la-salud","status":"publish","type":"post","link":"https:\/\/periodicolarepublica.com\/index.php\/2024\/04\/08\/ministro-de-salud-resalta-interes-del-gobierno-por-mejorar-el-acceso-inclusivo-a-la-salud\/","title":{"rendered":"Ministro de Salud resalta inter\u00e9s del gobierno por mejorar el acceso inclusivo a la salud"},"content":{"rendered":"\r\n<p><img loading=\"lazy\" decoding=\"async\" class=\"alignnone size-medium wp-image-511\" src=\"https:\/\/periodicolarepublica.com\/wp-content\/uploads\/2024\/03\/IMG-20240325-WA0682-300x248.jpg\" alt=\"\" width=\"300\" height=\"248\" srcset=\"https:\/\/periodicolarepublica.com\/wp-content\/uploads\/2024\/03\/IMG-20240325-WA0682-300x248.jpg?v=1715379806 300w, https:\/\/periodicolarepublica.com\/wp-content\/uploads\/2024\/03\/IMG-20240325-WA0682-150x124.jpg?v=1715379806 150w, https:\/\/periodicolarepublica.com\/wp-content\/uploads\/2024\/03\/IMG-20240325-WA0682-600x497.jpg?v=1715379806 600w, https:\/\/periodicolarepublica.com\/wp-content\/uploads\/2024\/03\/IMG-20240325-WA0682-696x576.jpg?v=1715379806 696w, https:\/\/periodicolarepublica.com\/wp-content\/uploads\/2024\/03\/IMG-20240325-WA0682.jpg?v=1715379806 720w\" sizes=\"auto, (max-width: 300px) 100vw, 300px\" \/>El doctor V\u00edctor Atallah,\u00a0ministro de\u00a0Salud P\u00fablica,\u00a0resalt\u00f3 este domingo el inter\u00e9s que ha puesto el gobierno del presidente Abinader, en lograr un sistema de salud fortalecido que\u00a0garantice el derecho de la gente a recibir servicios dignos.<br \/>El funcionario cit\u00f3 algunas ejecuciones, proyectos y planes que se han implementado en la gesti\u00f3n para beneficiar a usuarios, entre estos: en t\u00e9rminos de infraestructura tenemos la entrega de 45 hospitales reconstruidos, con una inversi\u00f3n superior a 4,000 millones de pesos. Adem\u00e1s de la construcci\u00f3n y remozamiento de 583 centros de Atenci\u00f3n Primaria, ejecuci\u00f3n de nuevas unidades de oncolog\u00eda, di\u00e1lisis y pie diab\u00e9tico.<br \/>\u00a0\u201cEn lo que respecta al sector salud, en este gobierno hemos inaugurado 45 hospitales.} Se construyen ocho unidades de oncolog\u00eda en todo el territorio, 10 nuevas unidades de hemodi\u00e1lisis y 10 de pie diab\u00e9tico\u201d. Tambi\u00e9n se construyen ocho unidades de oncolog\u00eda en todo el territorio, 10 nuevas unidades de hemodi\u00e1lisis y 10 de pie diab\u00e9tico\u201d.<br \/>Y uno de las m\u00e1s recientes iniciativas, como lo es la puesta en marcha del programa \u201cM\u00e1s Salud, m\u00e1s esperanza de vida\u201d que busca fortalecer la atenci\u00f3n primaria para la prevenci\u00f3n y control de las enfermedades cardiovasculares y diabetes en pacientes de las diferentes Unidades de Atenci\u00f3n Primaria de Salud (UNAP), con entrega de sus medicamentos gratuitos de la Red P\u00fablica.<br \/>\u201c\u00a8precisamente hoy 7 de abril que conmemoramos el\u00a0\u201cDia Mundial de la Salud, quiero exhortar al personal de salud y todas las entidades que ofertan servicios, tanto en lo p\u00fablico como lo privado que hagamos nuestro ese esfuerzo del presidente Luis Abinader y podamos expresar en atenci\u00f3n c\u00e1lida y humanizada, ese \u201cderecho universal\u201d que tiene cada persona a un sistema de salud digno\u201d\u00a0expres\u00f3 Atallah.<br \/>El titular de Salud record\u00f3 que el gobierno aument\u00f3 a unos 9,000 millones de pesos la inversi\u00f3n anual, para beneficiar alrededor de 15,000 pacientes con enfermedades de alta complejidad, a trav\u00e9s de la Direcci\u00f3n de Acceso de Medicamentos de Alto Costo.<br \/>Y a trav\u00e9s del Seguro Nacional de Salud (Senasa), en tan solo tres a\u00f1os fueron afiliadas 2 millones 700 mil personas.<br \/>Mientras que en medicamentos desde el Programa de Medicamentos Esenciales (Promese) se han invertido en esta gesti\u00f3n m\u00e1s de RD$16,500 millones y se han puesto en marcha 93 nuevas farmacias, y un aumento de RD$1,568 a RD$3,176 millones el presupuesto destinado para la compra de medicina.<br \/>El \u201cD\u00eda Mundial de la Salud 2024\u201d trae como lema es \u201cMi salud, mi derecho\u201d.<br \/>El tema de este a\u00f1o fue elegido para defender el derecho de todos, en todas partes, a tener acceso a servicios de salud, educaci\u00f3n e informaci\u00f3n, as\u00ed como a agua potable, aire limpio, buena nutrici\u00f3n, vivienda de calidad, condiciones ambientales y de trabajo decentes, y libertad de discriminaci\u00f3n.<\/p>\r\n","protected":false},"excerpt":{"rendered":"<p>El doctor V\u00edctor Atallah,\u00a0ministro de\u00a0Salud P\u00fablica,\u00a0resalt\u00f3 este domingo el inter\u00e9s que ha puesto el gobierno del presidente Abinader, en lograr un sistema de salud fortalecido que\u00a0garantice el derecho de la gente a recibir servicios dignos.El funcionario cit\u00f3 algunas ejecuciones, proyectos y planes que se han implementado en la gesti\u00f3n para beneficiar a usuarios, entre estos: [&hellip;]<\/p>\n","protected":false},"author":6,"featured_media":511,"comment_status":"open","ping_status":"open","sticky":false,"template":"","format":"standard","meta":{"om_disable_all_campaigns":false,"_monsterinsights_skip_tracking":false,"_monsterinsights_sitenote_active":false,"_monsterinsights_sitenote_note":"","_monsterinsights_sitenote_category":0,"footnotes":""},"categories":[1],"tags":[159],"class_list":{"0":"post-575","1":"post","2":"type-post","3":"status-publish","4":"format-standard","5":"has-post-thumbnail","7":"category-nacionales","8":"tag-ministro-de-salud-publica-victor-atallah"},"aioseo_notices":[],"_links":{"self":[{"href":"https:\/\/periodicolarepublica.com\/index.php\/wp-json\/wp\/v2\/posts\/575","targetHints":{"allow":["GET"]}}],"collection":[{"href":"https:\/\/periodicolarepublica.com\/index.php\/wp-json\/wp\/v2\/posts"}],"about":[{"href":"https:\/\/periodicolarepublica.com\/index.php\/wp-json\/wp\/v2\/types\/post"}],"author":[{"embeddable":true,"href":"https:\/\/periodicolarepublica.com\/index.php\/wp-json\/wp\/v2\/users\/6"}],"replies":[{"embeddable":true,"href":"https:\/\/periodicolarepublica.com\/index.php\/wp-json\/wp\/v2\/comments?post=575"}],"version-history":[{"count":2,"href":"https:\/\/periodicolarepublica.com\/index.php\/wp-json\/wp\/v2\/posts\/575\/revisions"}],"predecessor-version":[{"id":580,"href":"https:\/\/periodicolarepublica.com\/index.php\/wp-json\/wp\/v2\/posts\/575\/revisions\/580"}],"wp:featuredmedia":[{"embeddable":true,"href":"https:\/\/periodicolarepublica.com\/index.php\/wp-json\/wp\/v2\/media\/511"}],"wp:attachment":[{"href":"https:\/\/periodicolarepublica.com\/index.php\/wp-json\/wp\/v2\/media?parent=575"}],"wp:term":[{"taxonomy":"category","embeddable":true,"href":"https:\/\/periodicolarepublica.com\/index.php\/wp-json\/wp\/v2\/categories?post=575"},{"taxonomy":"post_tag","embeddable":true,"href":"https:\/\/periodicolarepublica.com\/index.php\/wp-json\/wp\/v2\/tags?post=575"}],"curies":[{"name":"wp","href":"https:\/\/api.w.org\/{rel}","templated":true}]}}