{"id":579,"date":"2024-04-09T16:57:05","date_gmt":"2024-04-09T14:57:05","guid":{"rendered":"https:\/\/periodicolarepublica.com\/?p=579"},"modified":"2024-04-09T16:57:05","modified_gmt":"2024-04-09T14:57:05","slug":"acto-de-lanzamiento-de-jornada-contra-el-dengue-con-la-presencia-del-ministro-de-salud-publica-dr-victor-atallah","status":"publish","type":"post","link":"https:\/\/periodicolarepublica.com\/index.php\/2024\/04\/09\/acto-de-lanzamiento-de-jornada-contra-el-dengue-con-la-presencia-del-ministro-de-salud-publica-dr-victor-atallah\/","title":{"rendered":"Acto de Lanzamiento de Jornada contra el Dengue con la presencia del Ministro de Salud P\u00fablica, Dr. V\u00edctor Atallah,"},"content":{"rendered":"\r\n<p><img loading=\"lazy\" decoding=\"async\" class=\"alignnone size-medium wp-image-585\" src=\"https:\/\/periodicolarepublica.com\/wp-content\/uploads\/2024\/04\/IMG-20240409-WA0298-300x212.jpg\" alt=\"\" width=\"300\" height=\"212\" srcset=\"https:\/\/periodicolarepublica.com\/wp-content\/uploads\/2024\/04\/IMG-20240409-WA0298-300x212.jpg?v=1715379799 300w, https:\/\/periodicolarepublica.com\/wp-content\/uploads\/2024\/04\/IMG-20240409-WA0298-768x544.jpg?v=1715379799 768w, https:\/\/periodicolarepublica.com\/wp-content\/uploads\/2024\/04\/IMG-20240409-WA0298-150x106.jpg?v=1715379799 150w, https:\/\/periodicolarepublica.com\/wp-content\/uploads\/2024\/04\/IMG-20240409-WA0298-600x425.jpg?v=1715379799 600w, https:\/\/periodicolarepublica.com\/wp-content\/uploads\/2024\/04\/IMG-20240409-WA0298-696x493.jpg?v=1715379799 696w, https:\/\/periodicolarepublica.com\/wp-content\/uploads\/2024\/04\/IMG-20240409-WA0298-100x70.jpg?v=1715379799 100w, https:\/\/periodicolarepublica.com\/wp-content\/uploads\/2024\/04\/IMG-20240409-WA0298-200x140.jpg?v=1715379799 200w, https:\/\/periodicolarepublica.com\/wp-content\/uploads\/2024\/04\/IMG-20240409-WA0298.jpg?v=1715379799 939w\" sizes=\"auto, (max-width: 300px) 100vw, 300px\" \/><br \/><br \/>Santo Domingo &#8211; En un esfuerzo conjunto por combatir el dengue y promover la prevenci\u00f3n de esta enfermedad, el Ministro de Salud P\u00fablica, Dr. V\u00edctor Atallah, encabez\u00f3 hoy un importante acto de lanzamiento de la Jornada contra el Dengue. Acompa\u00f1ado por la Vicepresidenta de la Rep\u00fablica, Raquel Pe\u00f1a, y la Primera Dama, Raquel Arbaje, el evento tuvo lugar en polideportivo V\u00edctor Burgo y cont\u00f3 con la participaci\u00f3n de destacadas personalidades del \u00e1mbito de la salud y funcionarios del Gobierno. <br \/><br \/>Durante el acto, el Ministro de Salud P\u00fablica, junto con la Vicepresidenta y la Primera Dama, resaltaron la importancia de trabajar en conjunto para prevenir y controlar la propagaci\u00f3n del dengue en el pa\u00eds. El dengue es una enfermedad transmitida por mosquitos y representa un desaf\u00edo significativo para la salud p\u00fablica, afectando a numerosas comunidades en todo el territorio nacional. <br \/><br \/>El Dr. V\u00edctor Atallah destac\u00f3 que la lucha contra el dengue requiere de la participaci\u00f3n activa de toda la sociedad, incluyendo a los ciudadanos, las instituciones gubernamentales y las organizaciones comunitarias. Asimismo, enfatiz\u00f3 la importancia de implementar medidas preventivas, como la eliminaci\u00f3n de criaderos de mosquitos, el uso de repelentes y la promoci\u00f3n de la higiene personal. <br \/><br \/>La Vicepresidenta, Raquel Pe\u00f1a, subray\u00f3 el compromiso del Gobierno en esta iniciativa y anunci\u00f3 la asignaci\u00f3n de recursos adicionales para fortalecer las acciones de prevenci\u00f3n y control del dengue. Asimismo, resalt\u00f3 la importancia de la educaci\u00f3n y la concientizaci\u00f3n en la comunidad, para lograr un impacto significativo en la reducci\u00f3n de los casos de dengue. <br \/><br \/>Por su parte, la Primera Dama, Raquel Arbaje, hizo un llamado a la ciudadan\u00eda a sumarse a esta jornada de prevenci\u00f3n, destacando la necesidad de adoptar h\u00e1bitos saludables y de mantener limpios los espacios donde vivimos. Adem\u00e1s, resalt\u00f3 la importancia de la solidaridad y la cooperaci\u00f3n entre vecinos y comunidades para combatir esta enfermedad. <br \/><br \/>La Jornada contra el Dengue, liderada por el Ministerio de Salud P\u00fablica, se llevar\u00e1 a cabo durante los pr\u00f3ximos meses y contar\u00e1 con una serie de actividades de prevenci\u00f3n, educaci\u00f3n y control en todo el pa\u00eds. Se espera que esta iniciativa contribuya a reducir la incidencia del dengue y proteger la salud de la poblaci\u00f3n dominicana.<\/p>\r\n","protected":false},"excerpt":{"rendered":"<p>Santo Domingo &#8211; En un esfuerzo conjunto por combatir el dengue y promover la prevenci\u00f3n de esta enfermedad, el Ministro de Salud P\u00fablica, Dr. V\u00edctor Atallah, encabez\u00f3 hoy un importante acto de lanzamiento de la Jornada contra el Dengue. Acompa\u00f1ado por la Vicepresidenta de la Rep\u00fablica, Raquel Pe\u00f1a, y la Primera Dama, Raquel Arbaje, el [&hellip;]<\/p>\n","protected":false},"author":6,"featured_media":585,"comment_status":"open","ping_status":"open","sticky":false,"template":"","format":"standard","meta":{"om_disable_all_campaigns":false,"_monsterinsights_skip_tracking":false,"_monsterinsights_sitenote_active":false,"_monsterinsights_sitenote_note":"","_monsterinsights_sitenote_category":0,"footnotes":""},"categories":[1],"tags":[162,160,161],"class_list":{"0":"post-579","1":"post","2":"type-post","3":"status-publish","4":"format-standard","5":"has-post-thumbnail","7":"category-nacionales","8":"tag-dengue","9":"tag-salud-publica","10":"tag-victor-atallah"},"aioseo_notices":[],"_links":{"self":[{"href":"https:\/\/periodicolarepublica.com\/index.php\/wp-json\/wp\/v2\/posts\/579","targetHints":{"allow":["GET"]}}],"collection":[{"href":"https:\/\/periodicolarepublica.com\/index.php\/wp-json\/wp\/v2\/posts"}],"about":[{"href":"https:\/\/periodicolarepublica.com\/index.php\/wp-json\/wp\/v2\/types\/post"}],"author":[{"embeddable":true,"href":"https:\/\/periodicolarepublica.com\/index.php\/wp-json\/wp\/v2\/users\/6"}],"replies":[{"embeddable":true,"href":"https:\/\/periodicolarepublica.com\/index.php\/wp-json\/wp\/v2\/comments?post=579"}],"version-history":[{"count":2,"href":"https:\/\/periodicolarepublica.com\/index.php\/wp-json\/wp\/v2\/posts\/579\/revisions"}],"predecessor-version":[{"id":586,"href":"https:\/\/periodicolarepublica.com\/index.php\/wp-json\/wp\/v2\/posts\/579\/revisions\/586"}],"wp:featuredmedia":[{"embeddable":true,"href":"https:\/\/periodicolarepublica.com\/index.php\/wp-json\/wp\/v2\/media\/585"}],"wp:attachment":[{"href":"https:\/\/periodicolarepublica.com\/index.php\/wp-json\/wp\/v2\/media?parent=579"}],"wp:term":[{"taxonomy":"category","embeddable":true,"href":"https:\/\/periodicolarepublica.com\/index.php\/wp-json\/wp\/v2\/categories?post=579"},{"taxonomy":"post_tag","embeddable":true,"href":"https:\/\/periodicolarepublica.com\/index.php\/wp-json\/wp\/v2\/tags?post=579"}],"curies":[{"name":"wp","href":"https:\/\/api.w.org\/{rel}","templated":true}]}}