{"id":5818,"date":"2026-04-25T21:19:31","date_gmt":"2026-04-26T01:19:31","guid":{"rendered":"https:\/\/periodicolarepublica.com\/?p=5818"},"modified":"2026-04-25T21:39:01","modified_gmt":"2026-04-26T01:39:01","slug":"ulises-rodriguez-rinde-cuentas-y-marca-el-rumbo-de-santiago","status":"publish","type":"post","link":"https:\/\/periodicolarepublica.com\/index.php\/2026\/04\/25\/ulises-rodriguez-rinde-cuentas-y-marca-el-rumbo-de-santiago\/","title":{"rendered":"Ulises Rodr\u00edguez rinde cuentas y marca el rumbo de Santiago"},"content":{"rendered":"<p>El alcalde de Santiago present\u00f3 su segunda rendici\u00f3n de cuentas en un escenario que simboliza tanto la institucionalidad como la cercan\u00eda con la ciudadan\u00eda, en un acto que no solo sirvi\u00f3 como balance administrativo, sino tambi\u00e9n como una declaraci\u00f3n de intenciones en una ciudad que busca consolidarse como referente en turismo gastron\u00f3mico de la regi\u00f3n y de gran cantidad de hospedajes de calidad.<\/p>\n<p style=\"text-align: left;\">Uno de los puntos m\u00e1s destacados del informe fue el incremento en la recolecci\u00f3n de desechos s\u00f3lidos. Seg\u00fan los datos ofrecidos, la gesti\u00f3n municipal ha pasado de recoger 18 mil toneladas mensuales en abril de 2025 a m\u00e1s de 22 mil en la actualidad, lo que representa un aumento del 19 %.<\/p>\n<p>Este avance no es menor. Responde, de acuerdo con el ejecutivo municipal, a un proceso de reorganizaci\u00f3n de rutas y a la implementaci\u00f3n de un sistema m\u00e1s din\u00e1mico, con refuerzos tanto en horario matutino como nocturno. En t\u00e9rminos pr\u00e1cticos, esto se traduce en una ciudad m\u00e1s limpia, con menor acumulaci\u00f3n de residuos y una mejora visible en la calidad del servicio.<\/p>\n<p>Sin embargo, m\u00e1s all\u00e1 de las cifras, el verdadero reto ser\u00e1 la sostenibilidad de este modelo. Mantener la eficiencia operativa en el tiempo y ampliar la cultura ciudadana en torno al manejo de residuos ser\u00e1 clave para consolidar estos logros.<\/p>\n<p>Con sus participaciones en FITUR para buscar a mostrar como destino y atractivo tur\u00edstico, el cu\u00e1l ha ido consolidando, sin dejar fuera los desaf\u00edos que representan los avances.<\/p>\n<p>M\u00e1ximo Mi\u00f1oso Santoni<\/p>\n<p>Director Medio La Rep\u00fablica<\/p>\n<p><img loading=\"lazy\" decoding=\"async\" class=\"alignnone size-medium wp-image-5822\" src=\"https:\/\/periodicolarepublica.com\/wp-content\/uploads\/2026\/04\/Screenshot_20260425_201539_Instagram-e1777167516189-294x300.jpg\" alt=\"\" width=\"294\" height=\"300\" srcset=\"https:\/\/periodicolarepublica.com\/wp-content\/uploads\/2026\/04\/Screenshot_20260425_201539_Instagram-e1777167516189-294x300.jpg 294w, https:\/\/periodicolarepublica.com\/wp-content\/uploads\/2026\/04\/Screenshot_20260425_201539_Instagram-e1777167516189-768x783.jpg 768w, https:\/\/periodicolarepublica.com\/wp-content\/uploads\/2026\/04\/Screenshot_20260425_201539_Instagram-e1777167516189-150x153.jpg 150w, https:\/\/periodicolarepublica.com\/wp-content\/uploads\/2026\/04\/Screenshot_20260425_201539_Instagram-e1777167516189-300x306.jpg 300w, https:\/\/periodicolarepublica.com\/wp-content\/uploads\/2026\/04\/Screenshot_20260425_201539_Instagram-e1777167516189-600x612.jpg 600w, https:\/\/periodicolarepublica.com\/wp-content\/uploads\/2026\/04\/Screenshot_20260425_201539_Instagram-e1777167516189-696x710.jpg 696w, https:\/\/periodicolarepublica.com\/wp-content\/uploads\/2026\/04\/Screenshot_20260425_201539_Instagram-e1777167516189.jpg 873w\" sizes=\"auto, (max-width: 294px) 100vw, 294px\" \/><\/p>\n","protected":false},"excerpt":{"rendered":"<p>El alcalde de Santiago present\u00f3 su segunda rendici\u00f3n de cuentas en un escenario que simboliza tanto la institucionalidad como la cercan\u00eda con la ciudadan\u00eda, en un acto que no solo sirvi\u00f3 como balance administrativo, sino tambi\u00e9n como una declaraci\u00f3n de intenciones en una ciudad que busca consolidarse como referente en turismo gastron\u00f3mico de la regi\u00f3n [&hellip;]<\/p>\n","protected":false},"author":1,"featured_media":5819,"comment_status":"open","ping_status":"open","sticky":false,"template":"","format":"standard","meta":{"om_disable_all_campaigns":false,"_monsterinsights_skip_tracking":false,"_monsterinsights_sitenote_active":false,"_monsterinsights_sitenote_note":"","_monsterinsights_sitenote_category":0,"footnotes":""},"categories":[1],"tags":[],"class_list":{"0":"post-5818","1":"post","2":"type-post","3":"status-publish","4":"format-standard","5":"has-post-thumbnail","7":"category-nacionales"},"aioseo_notices":[],"_links":{"self":[{"href":"https:\/\/periodicolarepublica.com\/index.php\/wp-json\/wp\/v2\/posts\/5818","targetHints":{"allow":["GET"]}}],"collection":[{"href":"https:\/\/periodicolarepublica.com\/index.php\/wp-json\/wp\/v2\/posts"}],"about":[{"href":"https:\/\/periodicolarepublica.com\/index.php\/wp-json\/wp\/v2\/types\/post"}],"author":[{"embeddable":true,"href":"https:\/\/periodicolarepublica.com\/index.php\/wp-json\/wp\/v2\/users\/1"}],"replies":[{"embeddable":true,"href":"https:\/\/periodicolarepublica.com\/index.php\/wp-json\/wp\/v2\/comments?post=5818"}],"version-history":[{"count":3,"href":"https:\/\/periodicolarepublica.com\/index.php\/wp-json\/wp\/v2\/posts\/5818\/revisions"}],"predecessor-version":[{"id":5824,"href":"https:\/\/periodicolarepublica.com\/index.php\/wp-json\/wp\/v2\/posts\/5818\/revisions\/5824"}],"wp:featuredmedia":[{"embeddable":true,"href":"https:\/\/periodicolarepublica.com\/index.php\/wp-json\/wp\/v2\/media\/5819"}],"wp:attachment":[{"href":"https:\/\/periodicolarepublica.com\/index.php\/wp-json\/wp\/v2\/media?parent=5818"}],"wp:term":[{"taxonomy":"category","embeddable":true,"href":"https:\/\/periodicolarepublica.com\/index.php\/wp-json\/wp\/v2\/categories?post=5818"},{"taxonomy":"post_tag","embeddable":true,"href":"https:\/\/periodicolarepublica.com\/index.php\/wp-json\/wp\/v2\/tags?post=5818"}],"curies":[{"name":"wp","href":"https:\/\/api.w.org\/{rel}","templated":true}]}}