{"id":5831,"date":"2026-04-26T14:34:32","date_gmt":"2026-04-26T18:34:32","guid":{"rendered":"https:\/\/periodicolarepublica.com\/?p=5831"},"modified":"2026-04-26T14:34:32","modified_gmt":"2026-04-26T18:34:32","slug":"grupo-popular-celebra-asamblea-general-de-accionistas-2026","status":"publish","type":"post","link":"https:\/\/periodicolarepublica.com\/index.php\/2026\/04\/26\/grupo-popular-celebra-asamblea-general-de-accionistas-2026\/","title":{"rendered":"Grupo Popular celebra Asamblea General de Accionistas 2026"},"content":{"rendered":"<p>Grupo Popular celebra Asamblea General de Accionistas 2026<\/p>\n<p>El Grupo Popular, S. A. celebr\u00f3 su Asamblea General Extraordinaria \u2013 Ordinaria Anual de Accionistas, en la cual inform\u00f3 sobre el sobresaliente desempe\u00f1o alcanzado por sus empresas filiales durante el ejercicio social de 2025, reafirmando su compromiso con el desarrollo econ\u00f3mico, social y medioambiental del pa\u00eds, y posicion\u00e1ndose como un motor clave en la transformaci\u00f3n del ecosistema econ\u00f3mico y financiero nacional.<\/p>\n<p>La asamblea se desarroll\u00f3 conforme a los estatutos sociales y tras comprobar el qu\u00f3rum reglamentario.<\/p>\n<p>&nbsp;<\/p>\n<p>En una primera sesi\u00f3n, correspondiente a la Asamblea General Extraordinaria, los accionistas aprobaron el aumento del capital social autorizado de RD$30,000 millones a RD$35,000 millones, as\u00ed como la modificaci\u00f3n de los estatutos sociales, en l\u00ednea con la estrategia de fortalecimiento patrimonial del grupo.<\/p>\n<p>Posteriormente, sesionando como Asamblea General Ordinaria Anual, los accionistas tomaron acta de las acciones suscritas y pagadas con cargo al capital autorizado, conocieron y aprobaron el informe de gesti\u00f3n del Consejo de Administraci\u00f3n, los estados financieros auditados, el informe del comisario de cuentas y la distribuci\u00f3n de utilidades del ejercicio.<\/p>\n<p>&nbsp;<\/p>\n<p>Por igual, se conoci\u00f3 y aprob\u00f3 el presupuesto correspondiente al ejercicio 2026, alineado con la estrategia de crecimiento y sostenibilidad del grupo.<\/p>\n<p>&nbsp;<\/p>\n<p>Los trabajos de la asamblea fueron conducidos por el presidente ejecutivo de la organizaci\u00f3n, se\u00f1or Ren\u00e9 Grull\u00f3n F., quien dijo que estos resultados reflejan la consistencia de una estrategia basada en la transformaci\u00f3n digital, la innovaci\u00f3n orientada a mejorar la experiencia del usuario, el compromiso con la sostenibilidad, la inclusi\u00f3n financiera y la diversificaci\u00f3n de su ecosistema de negocios para generar valor a largo plazo.<\/p>\n<p><img loading=\"lazy\" decoding=\"async\" class=\"alignnone size-medium wp-image-3090\" src=\"https:\/\/periodicolarepublica.com\/wp-content\/uploads\/2025\/04\/bpd250x250-300x158.jpg\" alt=\"\" width=\"300\" height=\"158\" srcset=\"https:\/\/periodicolarepublica.com\/wp-content\/uploads\/2025\/04\/bpd250x250-300x158.jpg 300w, https:\/\/periodicolarepublica.com\/wp-content\/uploads\/2025\/04\/bpd250x250-1024x538.jpg 1024w, https:\/\/periodicolarepublica.com\/wp-content\/uploads\/2025\/04\/bpd250x250-768x403.jpg 768w, https:\/\/periodicolarepublica.com\/wp-content\/uploads\/2025\/04\/bpd250x250-150x79.jpg 150w, https:\/\/periodicolarepublica.com\/wp-content\/uploads\/2025\/04\/bpd250x250-600x315.jpg 600w, https:\/\/periodicolarepublica.com\/wp-content\/uploads\/2025\/04\/bpd250x250-696x365.jpg 696w, https:\/\/periodicolarepublica.com\/wp-content\/uploads\/2025\/04\/bpd250x250-1068x561.jpg 1068w, https:\/\/periodicolarepublica.com\/wp-content\/uploads\/2025\/04\/bpd250x250.jpg 1200w\" sizes=\"auto, (max-width: 300px) 100vw, 300px\" \/><\/p>\n","protected":false},"excerpt":{"rendered":"<p>Grupo Popular celebra Asamblea General de Accionistas 2026 El Grupo Popular, S. A. celebr\u00f3 su Asamblea General Extraordinaria \u2013 Ordinaria Anual de Accionistas, en la cual inform\u00f3 sobre el sobresaliente desempe\u00f1o alcanzado por sus empresas filiales durante el ejercicio social de 2025, reafirmando su compromiso con el desarrollo econ\u00f3mico, social y medioambiental del pa\u00eds, y [&hellip;]<\/p>\n","protected":false},"author":1,"featured_media":3090,"comment_status":"open","ping_status":"open","sticky":false,"template":"","format":"standard","meta":{"om_disable_all_campaigns":false,"_monsterinsights_skip_tracking":false,"_monsterinsights_sitenote_active":false,"_monsterinsights_sitenote_note":"","_monsterinsights_sitenote_category":0,"footnotes":""},"categories":[1],"tags":[],"class_list":{"0":"post-5831","1":"post","2":"type-post","3":"status-publish","4":"format-standard","5":"has-post-thumbnail","7":"category-nacionales"},"aioseo_notices":[],"_links":{"self":[{"href":"https:\/\/periodicolarepublica.com\/index.php\/wp-json\/wp\/v2\/posts\/5831","targetHints":{"allow":["GET"]}}],"collection":[{"href":"https:\/\/periodicolarepublica.com\/index.php\/wp-json\/wp\/v2\/posts"}],"about":[{"href":"https:\/\/periodicolarepublica.com\/index.php\/wp-json\/wp\/v2\/types\/post"}],"author":[{"embeddable":true,"href":"https:\/\/periodicolarepublica.com\/index.php\/wp-json\/wp\/v2\/users\/1"}],"replies":[{"embeddable":true,"href":"https:\/\/periodicolarepublica.com\/index.php\/wp-json\/wp\/v2\/comments?post=5831"}],"version-history":[{"count":1,"href":"https:\/\/periodicolarepublica.com\/index.php\/wp-json\/wp\/v2\/posts\/5831\/revisions"}],"predecessor-version":[{"id":5832,"href":"https:\/\/periodicolarepublica.com\/index.php\/wp-json\/wp\/v2\/posts\/5831\/revisions\/5832"}],"wp:featuredmedia":[{"embeddable":true,"href":"https:\/\/periodicolarepublica.com\/index.php\/wp-json\/wp\/v2\/media\/3090"}],"wp:attachment":[{"href":"https:\/\/periodicolarepublica.com\/index.php\/wp-json\/wp\/v2\/media?parent=5831"}],"wp:term":[{"taxonomy":"category","embeddable":true,"href":"https:\/\/periodicolarepublica.com\/index.php\/wp-json\/wp\/v2\/categories?post=5831"},{"taxonomy":"post_tag","embeddable":true,"href":"https:\/\/periodicolarepublica.com\/index.php\/wp-json\/wp\/v2\/tags?post=5831"}],"curies":[{"name":"wp","href":"https:\/\/api.w.org\/{rel}","templated":true}]}}