{"id":5833,"date":"2026-04-27T06:31:57","date_gmt":"2026-04-27T10:31:57","guid":{"rendered":"https:\/\/periodicolarepublica.com\/?p=5833"},"modified":"2026-04-27T06:31:57","modified_gmt":"2026-04-27T10:31:57","slug":"hermandad-de-veteranos-pensionados-de-las-fuerzas-armadas-y-la-policia-nacional-es-seleccionada-finalista-en-los-premios-latam-digital-2026","status":"publish","type":"post","link":"https:\/\/periodicolarepublica.com\/index.php\/2026\/04\/27\/hermandad-de-veteranos-pensionados-de-las-fuerzas-armadas-y-la-policia-nacional-es-seleccionada-finalista-en-los-premios-latam-digital-2026\/","title":{"rendered":"Hermandad de Veteranos Pensionados de las Fuerzas Armadas y la Polic\u00eda Nacional es seleccionada finalista en los Premios Latam Digital 2026"},"content":{"rendered":"<p>Hermandad de Veteranos Pensionados de las Fuerzas Armadas y la Polic\u00eda Nacional es seleccionada finalista en los Premios Latam Digital 2026<\/p>\n<p>La Hermandad de Veteranos Pensionados de las Fuerzas Armadas y la Polic\u00eda Nacional de la Rep\u00fablica Dominicana fue seleccionada como nominada finalista en tres categor\u00edas de los 13.\u00ba Premios #LatamDigital 2026 by Interlat, importante reconocimiento regional que destaca proyectos, campa\u00f1as e iniciativas de alto impacto en transformaci\u00f3n digital, innovaci\u00f3n, comunicaci\u00f3n estrat\u00e9gica, uso de datos, marketing digital e impacto social en Am\u00e9rica Latina.<\/p>\n<p>&nbsp;<\/p>\n<p>Esta nominaci\u00f3n representa un hito significativo para la instituci\u00f3n, al posicionarla en un escenario internacional como una organizaci\u00f3n comprometida con la modernizaci\u00f3n, la inclusi\u00f3n digital, el fortalecimiento institucional y la mejora continua de los servicios dirigidos a sus miembros pensionados, veteranos y sus familiares.<\/p>\n<p>&nbsp;<\/p>\n<p>La Hermandad fue seleccionada como finalista en el Pilar #Transformaci\u00f3nDigital, categor\u00eda TF4-1: Estrategia Digital Integral, con la iniciativa \u201cCasa del Veterano Digital\u201d, orientada a fortalecer los procesos de comunicaci\u00f3n, acceso a servicios, digitalizaci\u00f3n institucional y cercan\u00eda con sus miembros a nivel nacional.<\/p>\n<p>Asimismo, la instituci\u00f3n qued\u00f3 nominada en el Pilar #MarketingDigital, categor\u00eda MD2: Uso Excepcional de Datos y Anal\u00edtica, con la campa\u00f1a \u201cHonor que NO se Retira\u201d, una iniciativa que resalta el valor de los datos, la segmentaci\u00f3n y la comunicaci\u00f3n estrat\u00e9gica para visibilizar el impacto social de la Hermandad y su compromiso con quienes dedicaron su vida al servicio de la patria.<\/p>\n<p>&nbsp;<\/p>\n<p>De igual forma, fue seleccionada como finalista en el Pilar #MarketingDigital, categor\u00eda MD3: Marketing de Influencia con Prop\u00f3sito, con la campa\u00f1a \u201cLos Defensores de la Patria\u201d, enfocada en proyectar historias, valores, identidad, legado y reconocimiento hacia los veteranos pensionados de las Fuerzas Armadas y la Polic\u00eda Nacional.<\/p>\n<p>Estas postulaciones no representan \u00fanicamente una participaci\u00f3n en un certamen internacional, sino una oportunidad para visibilizar ante Am\u00e9rica Latina las buenas pr\u00e1cticas institucionales que desarrolla la Hermandad en favor de sus miembros, integrando transformaci\u00f3n digital, comunicaci\u00f3n con prop\u00f3sito, uso estrat\u00e9gico de datos, fortalecimiento de servicios y reconocimiento social.<\/p>\n<p>&nbsp;<\/p>\n<p>El presidente de la Hermandad, Valerio Garc\u00eda, destac\u00f3 que estas nominaciones son el resultado de un proceso institucional orientado a modernizar la entidad, acercarla m\u00e1s a sus miembros y responder a los nuevos tiempos con herramientas digitales, comunicaci\u00f3n efectiva y soluciones m\u00e1s eficientes.<\/p>\n<p><img loading=\"lazy\" decoding=\"async\" class=\"alignnone size-medium wp-image-5834\" src=\"https:\/\/periodicolarepublica.com\/wp-content\/uploads\/2026\/04\/1004802245-e1777285877967-300x254.jpg\" alt=\"\" width=\"300\" height=\"254\" srcset=\"https:\/\/periodicolarepublica.com\/wp-content\/uploads\/2026\/04\/1004802245-e1777285877967-300x254.jpg 300w, https:\/\/periodicolarepublica.com\/wp-content\/uploads\/2026\/04\/1004802245-e1777285877967-768x651.jpg 768w, https:\/\/periodicolarepublica.com\/wp-content\/uploads\/2026\/04\/1004802245-e1777285877967-150x127.jpg 150w, https:\/\/periodicolarepublica.com\/wp-content\/uploads\/2026\/04\/1004802245-e1777285877967-600x508.jpg 600w, https:\/\/periodicolarepublica.com\/wp-content\/uploads\/2026\/04\/1004802245-e1777285877967-696x590.jpg 696w, https:\/\/periodicolarepublica.com\/wp-content\/uploads\/2026\/04\/1004802245-e1777285877967.jpg 935w\" sizes=\"auto, (max-width: 300px) 100vw, 300px\" \/><\/p>\n","protected":false},"excerpt":{"rendered":"<p>Hermandad de Veteranos Pensionados de las Fuerzas Armadas y la Polic\u00eda Nacional es seleccionada finalista en los Premios Latam Digital 2026 La Hermandad de Veteranos Pensionados de las Fuerzas Armadas y la Polic\u00eda Nacional de la Rep\u00fablica Dominicana fue seleccionada como nominada finalista en tres categor\u00edas de los 13.\u00ba Premios #LatamDigital 2026 by Interlat, importante [&hellip;]<\/p>\n","protected":false},"author":1,"featured_media":5834,"comment_status":"open","ping_status":"open","sticky":false,"template":"","format":"standard","meta":{"om_disable_all_campaigns":false,"_monsterinsights_skip_tracking":false,"_monsterinsights_sitenote_active":false,"_monsterinsights_sitenote_note":"","_monsterinsights_sitenote_category":0,"footnotes":""},"categories":[1],"tags":[],"class_list":{"0":"post-5833","1":"post","2":"type-post","3":"status-publish","4":"format-standard","5":"has-post-thumbnail","7":"category-nacionales"},"aioseo_notices":[],"_links":{"self":[{"href":"https:\/\/periodicolarepublica.com\/index.php\/wp-json\/wp\/v2\/posts\/5833","targetHints":{"allow":["GET"]}}],"collection":[{"href":"https:\/\/periodicolarepublica.com\/index.php\/wp-json\/wp\/v2\/posts"}],"about":[{"href":"https:\/\/periodicolarepublica.com\/index.php\/wp-json\/wp\/v2\/types\/post"}],"author":[{"embeddable":true,"href":"https:\/\/periodicolarepublica.com\/index.php\/wp-json\/wp\/v2\/users\/1"}],"replies":[{"embeddable":true,"href":"https:\/\/periodicolarepublica.com\/index.php\/wp-json\/wp\/v2\/comments?post=5833"}],"version-history":[{"count":1,"href":"https:\/\/periodicolarepublica.com\/index.php\/wp-json\/wp\/v2\/posts\/5833\/revisions"}],"predecessor-version":[{"id":5835,"href":"https:\/\/periodicolarepublica.com\/index.php\/wp-json\/wp\/v2\/posts\/5833\/revisions\/5835"}],"wp:featuredmedia":[{"embeddable":true,"href":"https:\/\/periodicolarepublica.com\/index.php\/wp-json\/wp\/v2\/media\/5834"}],"wp:attachment":[{"href":"https:\/\/periodicolarepublica.com\/index.php\/wp-json\/wp\/v2\/media?parent=5833"}],"wp:term":[{"taxonomy":"category","embeddable":true,"href":"https:\/\/periodicolarepublica.com\/index.php\/wp-json\/wp\/v2\/categories?post=5833"},{"taxonomy":"post_tag","embeddable":true,"href":"https:\/\/periodicolarepublica.com\/index.php\/wp-json\/wp\/v2\/tags?post=5833"}],"curies":[{"name":"wp","href":"https:\/\/api.w.org\/{rel}","templated":true}]}}