{"id":5836,"date":"2026-04-27T09:11:46","date_gmt":"2026-04-27T13:11:46","guid":{"rendered":"https:\/\/periodicolarepublica.com\/?p=5836"},"modified":"2026-04-27T09:11:46","modified_gmt":"2026-04-27T13:11:46","slug":"juana-josefina-dominguez-desafia-fronteras-ideologicas-con-el-lanzamiento-de-su-libro-sobre-la-iglesia-y-la-politica-en-la-cumbre-de-montevideo","status":"publish","type":"post","link":"https:\/\/periodicolarepublica.com\/index.php\/2026\/04\/27\/juana-josefina-dominguez-desafia-fronteras-ideologicas-con-el-lanzamiento-de-su-libro-sobre-la-iglesia-y-la-politica-en-la-cumbre-de-montevideo\/","title":{"rendered":"Juana Josefina Dom\u00ednguez desaf\u00eda fronteras ideol\u00f3gicas con el lanzamiento de su libro sobre la Iglesia y la Pol\u00edtica en la Cumbre de Montevideo"},"content":{"rendered":"<p>MONTEVIDEO, URUGUAY \u2013 En un contexto de alto nivel acad\u00e9mico y estrat\u00e9gico, la especialista en relaciones internacionales y comunicaci\u00f3n, Juana Josefina Dom\u00ednguez, present\u00f3 con \u00e9xito su m\u00e1s reciente obra: \u00abLa Iglesia Cat\u00f3lica en la Pol\u00edtica Latinoamericana\u00bb. El lanzamiento tuvo lugar el pasado mi\u00e9rcoles 22 de abril en la sede de la Intendencia de Montevideo, como parte de la agenda oficial de la Cumbre Mundial de Comunicaci\u00f3n Pol\u00edtica.<\/p>\n<p>&nbsp;<\/p>\n<p>*Un puente entre el Clero y el Estado*<\/p>\n<p>&nbsp;<\/p>\n<p>La obra cuenta con un pr\u00f3logo de especial relevancia institucional, escrito por Rom\u00e1n Andr\u00e9s J\u00e1quez Liranzo, presidente de la Junta Central Electoral de la Rep\u00fablica Dominicana. En sus l\u00edneas, J\u00e1quez Liranzo destaca que el entendimiento y las relaciones s\u00f3lidas entre el clero y el Estado son fundamentales para el bien com\u00fan y el fortalecimiento de la democracia en la regi\u00f3n.<\/p>\n<p>&nbsp;<\/p>\n<p>Durante su ponencia, Dom\u00ednguez enfatiz\u00f3 la necesidad de mantener canales de comunicaci\u00f3n abiertos y respetuosos con las instituciones eclesi\u00e1sticas. La autora advirti\u00f3 sobre los peligros de la ruptura de estos v\u00ednculos, citando casos cr\u00edticos como el de Nicaragua, donde el clero enfrenta persecuci\u00f3n por representar la voz de los sectores m\u00e1s vulnerables.<\/p>\n<p>&nbsp;<\/p>\n<p>\u00abEs imperativo mantener un di\u00e1logo aut\u00e9ntico y bajo la m\u00e1s estricta \u00e9tica con el clero. Las relaciones institucionales sanas previenen los errores democr\u00e1ticos que hoy vemos en pa\u00edses donde se intenta silenciar a la Iglesia\u00bb, afirm\u00f3 la autora ante un auditorio repleto de consultores y estrategas.<\/p>\n<p>&nbsp;<\/p>\n<p>*El reto de la laicidad en Uruguay*<\/p>\n<p>&nbsp;<\/p>\n<p>La presentaci\u00f3n de este libro supuso un hito particular debido al entorno geogr\u00e1fico y cultural. Uruguay es reconocido como el estado m\u00e1s laico de Am\u00e9rica Latina, con una tradici\u00f3n de separaci\u00f3n Iglesia-Estado que, en ocasiones, roza la intolerancia hacia las manifestaciones religiosas en el \u00e1mbito p\u00fablico.<\/p>\n<p>&nbsp;<\/p>\n<p>Presentar una obra de esta naturaleza en Montevideo \u2014un entorno donde la menci\u00f3n de la fe suele ser recibida con escepticismo\u2014 fue descrito por los asistentes como un acto de valent\u00eda intelectual. Dom\u00ednguez logr\u00f3 captar la atenci\u00f3n de los principales estrategas pol\u00edticos del continente, planteando que el respeto a la libertad religiosa y la colaboraci\u00f3n institucional son pilares de una comunicaci\u00f3n pol\u00edtica moderna y funcional.<\/p>\n<p>*Impacto en la consultor\u00eda pol\u00edtica*<\/p>\n<p>Al evento asistieron destacados consultores y analistas de toda Latinoam\u00e9rica, quienes valoraron la precisi\u00f3n t\u00e9cnica del libro y su utilidad para entender el mapa de poder en la regi\u00f3n. La obra de Juana Josefina Dom\u00ednguez se posiciona as\u00ed como una consulta obligatoria para quienes buscan gestionar crisis y estrategias gubernamentales en contextos multi\u00e9tnicos y religiosos.<\/p>\n<p><img loading=\"lazy\" decoding=\"async\" class=\"alignnone size-medium wp-image-5837\" src=\"https:\/\/periodicolarepublica.com\/wp-content\/uploads\/2026\/04\/IMG-20260427-WA0021-300x237.jpg\" alt=\"\" width=\"300\" height=\"237\" srcset=\"https:\/\/periodicolarepublica.com\/wp-content\/uploads\/2026\/04\/IMG-20260427-WA0021-300x237.jpg 300w, https:\/\/periodicolarepublica.com\/wp-content\/uploads\/2026\/04\/IMG-20260427-WA0021-768x606.jpg 768w, https:\/\/periodicolarepublica.com\/wp-content\/uploads\/2026\/04\/IMG-20260427-WA0021-150x118.jpg 150w, https:\/\/periodicolarepublica.com\/wp-content\/uploads\/2026\/04\/IMG-20260427-WA0021-600x474.jpg 600w, https:\/\/periodicolarepublica.com\/wp-content\/uploads\/2026\/04\/IMG-20260427-WA0021-696x549.jpg 696w, https:\/\/periodicolarepublica.com\/wp-content\/uploads\/2026\/04\/IMG-20260427-WA0021.jpg 1025w\" sizes=\"auto, (max-width: 300px) 100vw, 300px\" \/><\/p>\n","protected":false},"excerpt":{"rendered":"<p>MONTEVIDEO, URUGUAY \u2013 En un contexto de alto nivel acad\u00e9mico y estrat\u00e9gico, la especialista en relaciones internacionales y comunicaci\u00f3n, Juana Josefina Dom\u00ednguez, present\u00f3 con \u00e9xito su m\u00e1s reciente obra: \u00abLa Iglesia Cat\u00f3lica en la Pol\u00edtica Latinoamericana\u00bb. El lanzamiento tuvo lugar el pasado mi\u00e9rcoles 22 de abril en la sede de la Intendencia de Montevideo, como [&hellip;]<\/p>\n","protected":false},"author":1,"featured_media":5837,"comment_status":"open","ping_status":"open","sticky":false,"template":"","format":"standard","meta":{"om_disable_all_campaigns":false,"_monsterinsights_skip_tracking":false,"_monsterinsights_sitenote_active":false,"_monsterinsights_sitenote_note":"","_monsterinsights_sitenote_category":0,"footnotes":""},"categories":[1,127],"tags":[],"class_list":{"0":"post-5836","1":"post","2":"type-post","3":"status-publish","4":"format-standard","5":"has-post-thumbnail","7":"category-nacionales","8":"category-politica"},"aioseo_notices":[],"_links":{"self":[{"href":"https:\/\/periodicolarepublica.com\/index.php\/wp-json\/wp\/v2\/posts\/5836","targetHints":{"allow":["GET"]}}],"collection":[{"href":"https:\/\/periodicolarepublica.com\/index.php\/wp-json\/wp\/v2\/posts"}],"about":[{"href":"https:\/\/periodicolarepublica.com\/index.php\/wp-json\/wp\/v2\/types\/post"}],"author":[{"embeddable":true,"href":"https:\/\/periodicolarepublica.com\/index.php\/wp-json\/wp\/v2\/users\/1"}],"replies":[{"embeddable":true,"href":"https:\/\/periodicolarepublica.com\/index.php\/wp-json\/wp\/v2\/comments?post=5836"}],"version-history":[{"count":1,"href":"https:\/\/periodicolarepublica.com\/index.php\/wp-json\/wp\/v2\/posts\/5836\/revisions"}],"predecessor-version":[{"id":5838,"href":"https:\/\/periodicolarepublica.com\/index.php\/wp-json\/wp\/v2\/posts\/5836\/revisions\/5838"}],"wp:featuredmedia":[{"embeddable":true,"href":"https:\/\/periodicolarepublica.com\/index.php\/wp-json\/wp\/v2\/media\/5837"}],"wp:attachment":[{"href":"https:\/\/periodicolarepublica.com\/index.php\/wp-json\/wp\/v2\/media?parent=5836"}],"wp:term":[{"taxonomy":"category","embeddable":true,"href":"https:\/\/periodicolarepublica.com\/index.php\/wp-json\/wp\/v2\/categories?post=5836"},{"taxonomy":"post_tag","embeddable":true,"href":"https:\/\/periodicolarepublica.com\/index.php\/wp-json\/wp\/v2\/tags?post=5836"}],"curies":[{"name":"wp","href":"https:\/\/api.w.org\/{rel}","templated":true}]}}