{"id":5839,"date":"2026-04-27T09:14:30","date_gmt":"2026-04-27T13:14:30","guid":{"rendered":"https:\/\/periodicolarepublica.com\/?p=5839"},"modified":"2026-04-27T09:14:30","modified_gmt":"2026-04-27T13:14:30","slug":"coba-fiscalia-de-ninos-ninas-y-adolescentes-y-policia-nacional-intervienen-centros-nocturnos-en-distintos-sectores-del-distrito-nacional-por-presencia-de-menores","status":"publish","type":"post","link":"https:\/\/periodicolarepublica.com\/index.php\/2026\/04\/27\/coba-fiscalia-de-ninos-ninas-y-adolescentes-y-policia-nacional-intervienen-centros-nocturnos-en-distintos-sectores-del-distrito-nacional-por-presencia-de-menores\/","title":{"rendered":"COBA, Fiscal\u00eda de Ni\u00f1os, Ni\u00f1as y Adolescentes y Polic\u00eda Nacional intervienen centros nocturnos en distintos sectores del Distrito Nacional por presencia de menores"},"content":{"rendered":"<p>*COBA, Fiscal\u00eda de Ni\u00f1os, Ni\u00f1as y Adolescentes y Polic\u00eda Nacional intervienen centros nocturnos en distintos sectores del Distrito Nacional por presencia de menore*<\/p>\n<p>&nbsp;<\/p>\n<p>Santo Domingo, R.D. \u2013 La Fiscal\u00eda Especializada de Ni\u00f1os, Ni\u00f1as y Adolescentes, en coordinaci\u00f3n con el Programa de Control de Bebidas Alcoh\u00f3licas (COBA) y la Polic\u00eda Nacional, ejecut\u00f3 la noche del s\u00e1bado 25 de abril un operativo conjunto en el Distrito Nacional, como parte de la estrategia \u201cGarant\u00eda de Paz 2.0\u201d, enfocada en fortalecer la seguridad ciudadana y proteger a menores de edad.<\/p>\n<p>&nbsp;<\/p>\n<p>Durante la jornada, las autoridades intervinieron varios establecimientos nocturnos, entre discotecas, bares y centros de expendio de bebidas alcoh\u00f3licas, tras detectar la presencia de menores de edad en esos espacios, adem\u00e1s de incumplimientos vinculados a contaminaci\u00f3n s\u00f3nica, obstrucci\u00f3n de la v\u00eda p\u00fablica y falta de documentaci\u00f3n reglamentaria.<\/p>\n<p>&nbsp;<\/p>\n<p>Las autoridades recordaron que los menores de edad no deben permanecer en centros nocturnos ni en lugares dedicados al expendio de bebidas alcoh\u00f3licas, por tratarse de espacios no aptos para su permanencia y desarrollo integral, conforme a las normativas de protecci\u00f3n vigentes.<\/p>\n<p>&nbsp;<\/p>\n<p>Sectores intervenidos.<\/p>\n<p>Las acciones se desarrollaron en las zonas de:<\/p>\n<p>* Naco<\/p>\n<p>* 30 de Mayo<\/p>\n<p>* Barrio San Miguel<\/p>\n<p>* Buenos Aires de Herrera<\/p>\n<p>* Miramar<\/p>\n<p>* Enriquillo<\/p>\n<p>* Atala<\/p>\n<p>* El Cacique<\/p>\n<p>&nbsp;<\/p>\n<p>Como resultado de la intervenci\u00f3n, se reportaron:<\/p>\n<p>&nbsp;<\/p>\n<p>* 9 establecimientos notificados por infracciones como contaminaci\u00f3n s\u00f3nica y obstrucci\u00f3n de la v\u00eda p\u00fablica<\/p>\n<p>* 1 establecimiento cerrado por operar sin documentaci\u00f3n correspondiente<\/p>\n<p>* 8 establecimientos inspeccionados<\/p>\n<p>* 26 establecimientos supervisados<\/p>\n<p>&nbsp;<\/p>\n<p>Las autoridades reiteraron que estos operativos tienen como prioridad velar por el cumplimiento de la ley, mantener el orden p\u00fablico y salvaguardar la integridad de ni\u00f1os, ni\u00f1as y adolescentes en entornos nocturnos.<\/p>\n<p>&nbsp;<\/p>\n<p>Asimismo, informaron que estas acciones continuar\u00e1n de manera sostenida en todo el territorio nacional, como parte del compromiso del Gobierno dominicano con la convivencia pac\u00edfica y la seguridad ciudadana.<\/p>\n<figure id=\"attachment_4380\" aria-describedby=\"caption-attachment-4380\" style=\"width: 300px\" class=\"wp-caption alignnone\"><img loading=\"lazy\" decoding=\"async\" class=\"size-medium wp-image-4380\" src=\"https:\/\/periodicolarepublica.com\/wp-content\/uploads\/2025\/11\/images-32-300x300.jpeg\" alt=\"Interior\" width=\"300\" height=\"300\" srcset=\"https:\/\/periodicolarepublica.com\/wp-content\/uploads\/2025\/11\/images-32-300x300.jpeg 300w, https:\/\/periodicolarepublica.com\/wp-content\/uploads\/2025\/11\/images-32-150x150.jpeg 150w, https:\/\/periodicolarepublica.com\/wp-content\/uploads\/2025\/11\/images-32.jpeg 447w\" sizes=\"auto, (max-width: 300px) 100vw, 300px\" \/><figcaption id=\"caption-attachment-4380\" class=\"wp-caption-text\">Interior<\/figcaption><\/figure>\n","protected":false},"excerpt":{"rendered":"<p>*COBA, Fiscal\u00eda de Ni\u00f1os, Ni\u00f1as y Adolescentes y Polic\u00eda Nacional intervienen centros nocturnos en distintos sectores del Distrito Nacional por presencia de menore* &nbsp; Santo Domingo, R.D. \u2013 La Fiscal\u00eda Especializada de Ni\u00f1os, Ni\u00f1as y Adolescentes, en coordinaci\u00f3n con el Programa de Control de Bebidas Alcoh\u00f3licas (COBA) y la Polic\u00eda Nacional, ejecut\u00f3 la noche del [&hellip;]<\/p>\n","protected":false},"author":1,"featured_media":4380,"comment_status":"open","ping_status":"open","sticky":false,"template":"","format":"standard","meta":{"om_disable_all_campaigns":false,"_monsterinsights_skip_tracking":false,"_monsterinsights_sitenote_active":false,"_monsterinsights_sitenote_note":"","_monsterinsights_sitenote_category":0,"footnotes":""},"categories":[1],"tags":[],"class_list":{"0":"post-5839","1":"post","2":"type-post","3":"status-publish","4":"format-standard","5":"has-post-thumbnail","7":"category-nacionales"},"aioseo_notices":[],"_links":{"self":[{"href":"https:\/\/periodicolarepublica.com\/index.php\/wp-json\/wp\/v2\/posts\/5839","targetHints":{"allow":["GET"]}}],"collection":[{"href":"https:\/\/periodicolarepublica.com\/index.php\/wp-json\/wp\/v2\/posts"}],"about":[{"href":"https:\/\/periodicolarepublica.com\/index.php\/wp-json\/wp\/v2\/types\/post"}],"author":[{"embeddable":true,"href":"https:\/\/periodicolarepublica.com\/index.php\/wp-json\/wp\/v2\/users\/1"}],"replies":[{"embeddable":true,"href":"https:\/\/periodicolarepublica.com\/index.php\/wp-json\/wp\/v2\/comments?post=5839"}],"version-history":[{"count":1,"href":"https:\/\/periodicolarepublica.com\/index.php\/wp-json\/wp\/v2\/posts\/5839\/revisions"}],"predecessor-version":[{"id":5840,"href":"https:\/\/periodicolarepublica.com\/index.php\/wp-json\/wp\/v2\/posts\/5839\/revisions\/5840"}],"wp:featuredmedia":[{"embeddable":true,"href":"https:\/\/periodicolarepublica.com\/index.php\/wp-json\/wp\/v2\/media\/4380"}],"wp:attachment":[{"href":"https:\/\/periodicolarepublica.com\/index.php\/wp-json\/wp\/v2\/media?parent=5839"}],"wp:term":[{"taxonomy":"category","embeddable":true,"href":"https:\/\/periodicolarepublica.com\/index.php\/wp-json\/wp\/v2\/categories?post=5839"},{"taxonomy":"post_tag","embeddable":true,"href":"https:\/\/periodicolarepublica.com\/index.php\/wp-json\/wp\/v2\/tags?post=5839"}],"curies":[{"name":"wp","href":"https:\/\/api.w.org\/{rel}","templated":true}]}}