{"id":584,"date":"2024-04-10T18:53:43","date_gmt":"2024-04-10T16:53:43","guid":{"rendered":"https:\/\/periodicolarepublica.com\/?p=584"},"modified":"2024-04-10T18:53:43","modified_gmt":"2024-04-10T16:53:43","slug":"ministerio-de-salud-publica-destaca-el-exito-de-la-jornada-de-lucha-contra-el-dengue","status":"publish","type":"post","link":"https:\/\/periodicolarepublica.com\/index.php\/2024\/04\/10\/ministerio-de-salud-publica-destaca-el-exito-de-la-jornada-de-lucha-contra-el-dengue\/","title":{"rendered":"Ministerio de Salud P\u00fablica destaca el \u00e9xito de la jornada de lucha contra el Dengue"},"content":{"rendered":"\r\n<p><img loading=\"lazy\" decoding=\"async\" class=\"size-medium wp-image-594 alignright\" src=\"https:\/\/periodicolarepublica.com\/wp-content\/uploads\/2024\/04\/20240410_125236-300x266.jpg\" alt=\"\" width=\"300\" height=\"266\" srcset=\"https:\/\/periodicolarepublica.com\/wp-content\/uploads\/2024\/04\/20240410_125236-300x266.jpg?v=1715379798 300w, https:\/\/periodicolarepublica.com\/wp-content\/uploads\/2024\/04\/20240410_125236-150x133.jpg?v=1715379798 150w, https:\/\/periodicolarepublica.com\/wp-content\/uploads\/2024\/04\/20240410_125236.jpg?v=1715379798 481w\" sizes=\"auto, (max-width: 300px) 100vw, 300px\" \/><br \/><br \/>Santo Domingo- El Ministro de Salud P\u00fablica, Dr. V\u00edctor Atallah, se ha pronunciado hoy sobre la exitosa jornada de lucha contra el Dengue que se est\u00e1 llevando a cabo en nuestro pa\u00eds. El Ministro expres\u00f3 su confianza en que esta iniciativa marcar\u00e1 un hito en la batalla contra esta enfermedad, agradeciendo especialmente al presidente Luis Abinader por su compromiso y liderazgo en esta importante labor. <br \/><br \/>El Dr. Atallah destac\u00f3 que la jornada de lucha contra el Dengue est\u00e1 siendo implementada con la anticipaci\u00f3n necesaria, lo que ha permitido una respuesta efectiva y oportuna por parte de las autoridades sanitarias. El enfoque preventivo adoptado, combinado con una estrategia integral de control y concientizaci\u00f3n, ha sido fundamental para el \u00e9xito de esta iniciativa. <br \/><br \/>\u00abEstamos convencidos de que esta ser\u00e1 la jornada m\u00e1s exitosa en la lucha contra el Dengue, gracias al tiempo que hemos tenido para prepararnos adecuadamente\u00bb, afirm\u00f3 el Ministro. \u00abQuiero expresar mi profundo agradecimiento al presidente Abinader por su compromiso inquebrantable en la protecci\u00f3n de la salud de nuestros ciudadanos. Su liderazgo ha sido fundamental para movilizar los recursos necesarios y coordinar los esfuerzos de todas las instituciones involucradas\u00bb. <br \/><br \/>El Ministerio de Salud P\u00fablica ha desplegado un amplio plan de acci\u00f3n que incluye la fumigaci\u00f3n de \u00e1reas prioritarias, la eliminaci\u00f3n de criaderos de mosquitos, la capacitaci\u00f3n del personal de salud y la divulgaci\u00f3n de informaci\u00f3n crucial a la poblaci\u00f3n sobre las medidas de prevenci\u00f3n. Asimismo, se ha fortalecido la vigilancia epidemiol\u00f3gica para detectar r\u00e1pidamente posibles brotes y tomar medidas preventivas adicionales. <br \/><br \/>El Dr. Atallah hizo un llamado a la ciudadan\u00eda a sumarse a esta lucha contra el Dengue, adoptando pr\u00e1cticas higi\u00e9nicas adecuadas, eliminando recipientes que puedan acumular agua estancada y colaborando con las autoridades sanitarias para frenar la propagaci\u00f3n del mosquito Aedes aegypti, transmisor de la enfermedad.<\/p>\r\n","protected":false},"excerpt":{"rendered":"<p>Santo Domingo- El Ministro de Salud P\u00fablica, Dr. V\u00edctor Atallah, se ha pronunciado hoy sobre la exitosa jornada de lucha contra el Dengue que se est\u00e1 llevando a cabo en nuestro pa\u00eds. El Ministro expres\u00f3 su confianza en que esta iniciativa marcar\u00e1 un hito en la batalla contra esta enfermedad, agradeciendo especialmente al presidente Luis [&hellip;]<\/p>\n","protected":false},"author":6,"featured_media":594,"comment_status":"open","ping_status":"open","sticky":false,"template":"","format":"standard","meta":{"om_disable_all_campaigns":false,"_monsterinsights_skip_tracking":false,"_monsterinsights_sitenote_active":false,"_monsterinsights_sitenote_note":"","_monsterinsights_sitenote_category":0,"footnotes":""},"categories":[1],"tags":[159,161],"class_list":{"0":"post-584","1":"post","2":"type-post","3":"status-publish","4":"format-standard","5":"has-post-thumbnail","7":"category-nacionales","8":"tag-ministro-de-salud-publica-victor-atallah","9":"tag-victor-atallah"},"aioseo_notices":[],"_links":{"self":[{"href":"https:\/\/periodicolarepublica.com\/index.php\/wp-json\/wp\/v2\/posts\/584","targetHints":{"allow":["GET"]}}],"collection":[{"href":"https:\/\/periodicolarepublica.com\/index.php\/wp-json\/wp\/v2\/posts"}],"about":[{"href":"https:\/\/periodicolarepublica.com\/index.php\/wp-json\/wp\/v2\/types\/post"}],"author":[{"embeddable":true,"href":"https:\/\/periodicolarepublica.com\/index.php\/wp-json\/wp\/v2\/users\/6"}],"replies":[{"embeddable":true,"href":"https:\/\/periodicolarepublica.com\/index.php\/wp-json\/wp\/v2\/comments?post=584"}],"version-history":[{"count":2,"href":"https:\/\/periodicolarepublica.com\/index.php\/wp-json\/wp\/v2\/posts\/584\/revisions"}],"predecessor-version":[{"id":595,"href":"https:\/\/periodicolarepublica.com\/index.php\/wp-json\/wp\/v2\/posts\/584\/revisions\/595"}],"wp:featuredmedia":[{"embeddable":true,"href":"https:\/\/periodicolarepublica.com\/index.php\/wp-json\/wp\/v2\/media\/594"}],"wp:attachment":[{"href":"https:\/\/periodicolarepublica.com\/index.php\/wp-json\/wp\/v2\/media?parent=584"}],"wp:term":[{"taxonomy":"category","embeddable":true,"href":"https:\/\/periodicolarepublica.com\/index.php\/wp-json\/wp\/v2\/categories?post=584"},{"taxonomy":"post_tag","embeddable":true,"href":"https:\/\/periodicolarepublica.com\/index.php\/wp-json\/wp\/v2\/tags?post=584"}],"curies":[{"name":"wp","href":"https:\/\/api.w.org\/{rel}","templated":true}]}}