{"id":5846,"date":"2026-04-28T11:14:57","date_gmt":"2026-04-28T15:14:57","guid":{"rendered":"https:\/\/periodicolarepublica.com\/?p=5846"},"modified":"2026-04-28T11:14:57","modified_gmt":"2026-04-28T15:14:57","slug":"tomas-hernandez-alberto-experiencia-liderazgo-y-coherencia-para-la-secretaria-general-del-prm","status":"publish","type":"post","link":"https:\/\/periodicolarepublica.com\/index.php\/2026\/04\/28\/tomas-hernandez-alberto-experiencia-liderazgo-y-coherencia-para-la-secretaria-general-del-prm\/","title":{"rendered":"Tom\u00e1s Hern\u00e1ndez Alberto: experiencia, liderazgo y coherencia para la Secretar\u00eda General del PRM"},"content":{"rendered":"<p>&nbsp;<\/p>\n<p>En la din\u00e1mica pol\u00edtica dominicana, donde la credibilidad y la trayectoria se han convertido en activos cada vez m\u00e1s escasos, emergen figuras que no necesitan improvisar su discurso ni construir su liderazgo sobre coyunturas pasajeras. Ese es el caso de Tom\u00e1s Hern\u00e1ndez Alberto, un dirigente que ha sabido recorrer el camino largo de la pol\u00edtica, desde sus bases hasta los espacios de direcci\u00f3n, con coherencia, disciplina y compromiso partidario.<\/p>\n<p>Su historia pol\u00edtica inicia a una edad temprana en el seno del Partido Revolucionario Dominicano (PRD), donde se form\u00f3 bajo la influencia directa de uno de los l\u00edderes m\u00e1s emblem\u00e1ticos de la democracia dominicana: Jos\u00e9 Francisco Pe\u00f1a G\u00f3mez. No se trata de una referencia simb\u00f3lica, sino de una escuela pol\u00edtica real, marcada por la cercan\u00eda, el trabajo constante y la responsabilidad. Prueba de ello es que Hern\u00e1ndez Alberto lleg\u00f3 a desempe\u00f1arse en tres ocasiones como vocero oficial de Pe\u00f1a G\u00f3mez, una posici\u00f3n que exige no solo confianza, sino claridad ideol\u00f3gica y capacidad de representaci\u00f3n.<\/p>\n<p>A lo largo de los a\u00f1os, su trayectoria dentro del PRD no fue decorativa. Ocup\u00f3 roles de relevancia, incluyendo el de presidente en funciones del partido, junto a Ram\u00f3n Alburquerque, en momentos que requer\u00edan equilibrio, firmeza y liderazgo interno. Esa etapa consolid\u00f3 su perfil como un dirigente con conocimiento profundo de la estructura partidaria y con la capacidad de articular consensos en escenarios complejos.<\/p>\n<p>Con la evoluci\u00f3n del sistema pol\u00edtico dominicano y la transici\u00f3n hacia el Partido Revolucionario Moderno (PRM), Tom\u00e1s Hern\u00e1ndez Alberto no solo se adapt\u00f3, sino que se mantuvo como un actor activo, comprometido con la consolidaci\u00f3n de una organizaci\u00f3n pol\u00edtica moderna, institucional y alineada con las demandas de la sociedad dominicana.<\/p>\n<p>Hoy, su aspiraci\u00f3n a la Secretar\u00eda General del PRM no es un salto improvisado ni una ambici\u00f3n circunstancial. Es la consecuencia natural de una carrera construida sobre la base del trabajo pol\u00edtico real, el conocimiento del partido y la lealtad a sus principios. En un momento donde el PRM enfrenta el reto de fortalecer su estructura interna, garantizar la disciplina partidaria y proyectar unidad de cara al futuro, figuras con experiencia probada adquieren un valor estrat\u00e9gico.<\/p>\n<p>Hern\u00e1ndez Alberto representa una combinaci\u00f3n poco com\u00fan: Historia con trayectoria, firmeza con capacidad de di\u00e1logo, y liderazgo con sentido institucional. Su visi\u00f3n de la Secretar\u00eda General no se limita a la administraci\u00f3n interna, sino que apunta a convertirla en un eje de articulaci\u00f3n pol\u00edtica, organizativa y electoral, capaz de conectar la dirigencia con las bases y de sostener el crecimiento del partido en todo el territorio nacional.<\/p>\n<p>La pol\u00edtica dominicana necesita menos improvisaci\u00f3n y m\u00e1s formaci\u00f3n; menos protagonismo vac\u00edo y m\u00e1s liderazgo con sustancia. En ese contexto, la figura de Tom\u00e1s Hern\u00e1ndez Alberto se posiciona como una opci\u00f3n coherente para asumir uno de los roles m\u00e1s determinantes dentro del PRM.<\/p>\n<p>No se trata solo de aspirar, sino de estar preparado. Y en pol\u00edtica, la preparaci\u00f3n no se declara: se demuestra con hechos, historia y resultados.<img loading=\"lazy\" decoding=\"async\" class=\"alignnone size-medium wp-image-5771\" src=\"https:\/\/periodicolarepublica.com\/wp-content\/uploads\/2026\/04\/IMG_20260421_085014-300x170.jpg\" alt=\"\" width=\"300\" height=\"170\" srcset=\"https:\/\/periodicolarepublica.com\/wp-content\/uploads\/2026\/04\/IMG_20260421_085014-300x170.jpg?v=1776775957 300w, https:\/\/periodicolarepublica.com\/wp-content\/uploads\/2026\/04\/IMG_20260421_085014-1024x582.jpg?v=1776775957 1024w, https:\/\/periodicolarepublica.com\/wp-content\/uploads\/2026\/04\/IMG_20260421_085014-768x436.jpg?v=1776775957 768w, https:\/\/periodicolarepublica.com\/wp-content\/uploads\/2026\/04\/IMG_20260421_085014-150x85.jpg?v=1776775957 150w, https:\/\/periodicolarepublica.com\/wp-content\/uploads\/2026\/04\/IMG_20260421_085014-600x341.jpg?v=1776775957 600w, https:\/\/periodicolarepublica.com\/wp-content\/uploads\/2026\/04\/IMG_20260421_085014-696x396.jpg?v=1776775957 696w, https:\/\/periodicolarepublica.com\/wp-content\/uploads\/2026\/04\/IMG_20260421_085014.jpg?v=1776775957 1061w\" sizes=\"auto, (max-width: 300px) 100vw, 300px\" \/><\/p>\n<p>&nbsp;<\/p>\n","protected":false},"excerpt":{"rendered":"<p>&nbsp; En la din\u00e1mica pol\u00edtica dominicana, donde la credibilidad y la trayectoria se han convertido en activos cada vez m\u00e1s escasos, emergen figuras que no necesitan improvisar su discurso ni construir su liderazgo sobre coyunturas pasajeras. Ese es el caso de Tom\u00e1s Hern\u00e1ndez Alberto, un dirigente que ha sabido recorrer el camino largo de la [&hellip;]<\/p>\n","protected":false},"author":10,"featured_media":5771,"comment_status":"open","ping_status":"open","sticky":false,"template":"","format":"standard","meta":{"om_disable_all_campaigns":false,"_monsterinsights_skip_tracking":false,"_monsterinsights_sitenote_active":false,"_monsterinsights_sitenote_note":"","_monsterinsights_sitenote_category":0,"footnotes":""},"categories":[1],"tags":[],"class_list":{"0":"post-5846","1":"post","2":"type-post","3":"status-publish","4":"format-standard","5":"has-post-thumbnail","7":"category-nacionales"},"aioseo_notices":[],"_links":{"self":[{"href":"https:\/\/periodicolarepublica.com\/index.php\/wp-json\/wp\/v2\/posts\/5846","targetHints":{"allow":["GET"]}}],"collection":[{"href":"https:\/\/periodicolarepublica.com\/index.php\/wp-json\/wp\/v2\/posts"}],"about":[{"href":"https:\/\/periodicolarepublica.com\/index.php\/wp-json\/wp\/v2\/types\/post"}],"author":[{"embeddable":true,"href":"https:\/\/periodicolarepublica.com\/index.php\/wp-json\/wp\/v2\/users\/10"}],"replies":[{"embeddable":true,"href":"https:\/\/periodicolarepublica.com\/index.php\/wp-json\/wp\/v2\/comments?post=5846"}],"version-history":[{"count":1,"href":"https:\/\/periodicolarepublica.com\/index.php\/wp-json\/wp\/v2\/posts\/5846\/revisions"}],"predecessor-version":[{"id":5847,"href":"https:\/\/periodicolarepublica.com\/index.php\/wp-json\/wp\/v2\/posts\/5846\/revisions\/5847"}],"wp:featuredmedia":[{"embeddable":true,"href":"https:\/\/periodicolarepublica.com\/index.php\/wp-json\/wp\/v2\/media\/5771"}],"wp:attachment":[{"href":"https:\/\/periodicolarepublica.com\/index.php\/wp-json\/wp\/v2\/media?parent=5846"}],"wp:term":[{"taxonomy":"category","embeddable":true,"href":"https:\/\/periodicolarepublica.com\/index.php\/wp-json\/wp\/v2\/categories?post=5846"},{"taxonomy":"post_tag","embeddable":true,"href":"https:\/\/periodicolarepublica.com\/index.php\/wp-json\/wp\/v2\/tags?post=5846"}],"curies":[{"name":"wp","href":"https:\/\/api.w.org\/{rel}","templated":true}]}}