{"id":5851,"date":"2026-04-29T09:01:11","date_gmt":"2026-04-29T13:01:11","guid":{"rendered":"https:\/\/periodicolarepublica.com\/?p=5851"},"modified":"2026-04-29T09:01:11","modified_gmt":"2026-04-29T13:01:11","slug":"renovacion-de-playa-sosua-refuerza-el-atractivo-turistico-para-rutas-de-copa-airlines","status":"publish","type":"post","link":"https:\/\/periodicolarepublica.com\/index.php\/2026\/04\/29\/renovacion-de-playa-sosua-refuerza-el-atractivo-turistico-para-rutas-de-copa-airlines\/","title":{"rendered":"Renovaci\u00f3n de Playa Sos\u00faa refuerza el atractivo tur\u00edstico para rutas de Copa Airlines"},"content":{"rendered":"<p>La provincia de Puerto Plata suma un nuevo impulso a su oferta tur\u00edstica con la reciente entrega de la renovada \u00e1rea de Playa Sos\u00faa, una intervenci\u00f3n que busca posicionar a\u00fan m\u00e1s este emblem\u00e1tico destino del norte de la Rep\u00fablica Dominicana. El proyecto fue encabezado por el presidente Luis Abinader, junto al ministro de Turismo David Collado, como parte de los esfuerzos del gobierno por fortalecer la infraestructura tur\u00edstica del pa\u00eds.<\/p>\n<p>La remodelaci\u00f3n de Playa Sos\u00faa incluye mejoras en accesos, ordenamiento del entorno, espacios para visitantes y condiciones m\u00e1s seguras y limpias, elevando la experiencia tanto para turistas nacionales como internacionales. Este relanzamiento no solo embellece uno de los destinos m\u00e1s conocidos de Puerto Plata, sino que tambi\u00e9n ampl\u00eda el atractivo de la regi\u00f3n frente a mercados internacionales.<\/p>\n<p>En ese sentido, la conectividad a\u00e9rea juega un papel clave. La aerol\u00ednea Copa Airlines ha mantenido una importante operaci\u00f3n de vuelos hacia Puerto Plata, conectando la regi\u00f3n con m\u00faltiples destinos a trav\u00e9s de su hub en Panam\u00e1. Estas rutas facilitan la llegada de visitantes desde distintos puntos del continente, contribuyendo al dinamismo tur\u00edstico de dicha zona.<\/p>\n<p>Durante el acto de entrega, se destac\u00f3 la presencia de la representante regional de la aerol\u00ednea, Ibelca V\u00e1squez, su participaci\u00f3n refleja el inter\u00e9s del sector aeron\u00e1utico en el fortalecimiento de la oferta tur\u00edstica local, entendiendo que nuevas y mejores atracciones generan mayor demanda de viajes.<\/p>\n<p>La aerol\u00ednea Copa Airlines mantiene una s\u00f3lida operaci\u00f3n hacia Puerto Plata, con vuelos regulares que conectan esta provincia con el Hub de las Am\u00e9ricas en Ciudad de Panam\u00e1, facilitando el acceso desde m\u00faltiples destinos del continente.<\/p>\n<p>La renovaci\u00f3n de Playa Sos\u00faa se suma a otros proyectos en desarrollo en Puerto Plata, consolidando a la provincia como uno de los principales polos tur\u00edsticos del pa\u00eds. Este tipo de iniciativas no solo mejora la experiencia del visitante, sino que tambi\u00e9n impacta directamente en la econom\u00eda local, generando empleos y fomentando la inversi\u00f3n.<\/p>\n<p>Con una infraestructura tur\u00edstica en constante evoluci\u00f3n y una conectividad a\u00e9rea estrat\u00e9gica, Puerto Plata se posiciona para seguir creciendo como destino competitivo en el Caribe, donde la colaboraci\u00f3n entre el sector p\u00fablico y privado contin\u00faa siendo clave para atraer m\u00e1s visitantes y fortalecer rutas a\u00e9reas existentes.<\/p>\n<p>Editorial<\/p>\n<p>M\u00e1ximo Mi\u00f1oso Santoni<\/p>\n<p>Director Medio La Rep\u00fablica<\/p>\n<p><img loading=\"lazy\" decoding=\"async\" class=\"alignnone size-medium wp-image-5852\" src=\"https:\/\/periodicolarepublica.com\/wp-content\/uploads\/2026\/04\/Screenshot_20260429_085238_Chrome-300x253.jpg\" alt=\"\" width=\"300\" height=\"253\" srcset=\"https:\/\/periodicolarepublica.com\/wp-content\/uploads\/2026\/04\/Screenshot_20260429_085238_Chrome-300x253.jpg 300w, https:\/\/periodicolarepublica.com\/wp-content\/uploads\/2026\/04\/Screenshot_20260429_085238_Chrome-768x647.jpg 768w, https:\/\/periodicolarepublica.com\/wp-content\/uploads\/2026\/04\/Screenshot_20260429_085238_Chrome-150x126.jpg 150w, https:\/\/periodicolarepublica.com\/wp-content\/uploads\/2026\/04\/Screenshot_20260429_085238_Chrome-600x505.jpg 600w, https:\/\/periodicolarepublica.com\/wp-content\/uploads\/2026\/04\/Screenshot_20260429_085238_Chrome-696x586.jpg 696w, https:\/\/periodicolarepublica.com\/wp-content\/uploads\/2026\/04\/Screenshot_20260429_085238_Chrome.jpg 798w\" sizes=\"auto, (max-width: 300px) 100vw, 300px\" \/><\/p>\n<p>&nbsp;<\/p>\n","protected":false},"excerpt":{"rendered":"<p>La provincia de Puerto Plata suma un nuevo impulso a su oferta tur\u00edstica con la reciente entrega de la renovada \u00e1rea de Playa Sos\u00faa, una intervenci\u00f3n que busca posicionar a\u00fan m\u00e1s este emblem\u00e1tico destino del norte de la Rep\u00fablica Dominicana. El proyecto fue encabezado por el presidente Luis Abinader, junto al ministro de Turismo David [&hellip;]<\/p>\n","protected":false},"author":1,"featured_media":5852,"comment_status":"open","ping_status":"open","sticky":false,"template":"","format":"standard","meta":{"om_disable_all_campaigns":false,"_monsterinsights_skip_tracking":false,"_monsterinsights_sitenote_active":false,"_monsterinsights_sitenote_note":"","_monsterinsights_sitenote_category":0,"footnotes":""},"categories":[442,1,20],"tags":[],"class_list":{"0":"post-5851","1":"post","2":"type-post","3":"status-publish","4":"format-standard","5":"has-post-thumbnail","7":"category-editorial","8":"category-nacionales","9":"category-turismo"},"aioseo_notices":[],"_links":{"self":[{"href":"https:\/\/periodicolarepublica.com\/index.php\/wp-json\/wp\/v2\/posts\/5851","targetHints":{"allow":["GET"]}}],"collection":[{"href":"https:\/\/periodicolarepublica.com\/index.php\/wp-json\/wp\/v2\/posts"}],"about":[{"href":"https:\/\/periodicolarepublica.com\/index.php\/wp-json\/wp\/v2\/types\/post"}],"author":[{"embeddable":true,"href":"https:\/\/periodicolarepublica.com\/index.php\/wp-json\/wp\/v2\/users\/1"}],"replies":[{"embeddable":true,"href":"https:\/\/periodicolarepublica.com\/index.php\/wp-json\/wp\/v2\/comments?post=5851"}],"version-history":[{"count":1,"href":"https:\/\/periodicolarepublica.com\/index.php\/wp-json\/wp\/v2\/posts\/5851\/revisions"}],"predecessor-version":[{"id":5853,"href":"https:\/\/periodicolarepublica.com\/index.php\/wp-json\/wp\/v2\/posts\/5851\/revisions\/5853"}],"wp:featuredmedia":[{"embeddable":true,"href":"https:\/\/periodicolarepublica.com\/index.php\/wp-json\/wp\/v2\/media\/5852"}],"wp:attachment":[{"href":"https:\/\/periodicolarepublica.com\/index.php\/wp-json\/wp\/v2\/media?parent=5851"}],"wp:term":[{"taxonomy":"category","embeddable":true,"href":"https:\/\/periodicolarepublica.com\/index.php\/wp-json\/wp\/v2\/categories?post=5851"},{"taxonomy":"post_tag","embeddable":true,"href":"https:\/\/periodicolarepublica.com\/index.php\/wp-json\/wp\/v2\/tags?post=5851"}],"curies":[{"name":"wp","href":"https:\/\/api.w.org\/{rel}","templated":true}]}}