{"id":5854,"date":"2026-04-29T10:52:05","date_gmt":"2026-04-29T14:52:05","guid":{"rendered":"https:\/\/periodicolarepublica.com\/?p=5854"},"modified":"2026-04-29T10:52:05","modified_gmt":"2026-04-29T14:52:05","slug":"mas-de-834-mil-motociclistas-fueron-fiscalizados-en-2025-por-violaciones-a-la-ley-63-17","status":"publish","type":"post","link":"https:\/\/periodicolarepublica.com\/index.php\/2026\/04\/29\/mas-de-834-mil-motociclistas-fueron-fiscalizados-en-2025-por-violaciones-a-la-ley-63-17\/","title":{"rendered":"*M\u00e1s de 834 mil motociclistas fueron fiscalizados en 2025 por violaciones a la Ley 63-17*"},"content":{"rendered":"<p>*M\u00e1s de 81 mil fueron retenidas, acciones que reflejan firme acci\u00f3n de la DIGESETT por la seguridad vial*<\/p>\n<p>La Direcci\u00f3n General de Seguridad de Tr\u00e1nsito y Transporte Terrestre (DIGESETT) reafirma su compromiso con la seguridad vial mediante la ejecuci\u00f3n permanente de operativos de fiscalizaci\u00f3n dirigidos a conductores de motocicletas, en cumplimiento de la Ley 63-17 sobre Movilidad, Transporte Terrestre, Tr\u00e1nsito y Seguridad Vial de la Rep\u00fablica Dominicana.<\/p>\n<p>&nbsp;<\/p>\n<p>Durante el a\u00f1o 2025, la instituci\u00f3n registr\u00f3 un total de 834,113 conductores de motocicletas fiscalizados a nivel nacional por diferentes faltas a la ley de tr\u00e1nsito, como parte de los operativos diarios desplegados por los agentes en calles, avenidas, carreteras y autopistas del pa\u00eds.<\/p>\n<p>&nbsp;<\/p>\n<p>Asimismo, en ese mismo per\u00edodo, fueron retenidas 81,107 motocicletas, como resultado de violaciones a la normativa vigente, en acciones orientadas a preservar el orden y reducir los riesgos en las v\u00edas p\u00fablicas.<\/p>\n<p>&nbsp;<\/p>\n<p>Estas fiscalizaciones responden a infracciones recurrentes que representan un alto peligro para la vida de conductores y peatones, entre ellas: el no uso del casco protector, el tr\u00e1nsito por lugares prohibidos (aceras, t\u00faneles y elevados), la circulaci\u00f3n sin luces, la falta de documentaci\u00f3n reglamentaria y la participaci\u00f3n en competencia de velocidad, entre otras.<\/p>\n<p>&nbsp;<\/p>\n<p>La DIGESETT destac\u00f3 que los motociclistas constituyen uno de los segmentos m\u00e1s vulnerables en los siniestros viales, por lo que estas intervenciones tienen un enfoque preventivo, orientado a reducir accidentes, lesiones y p\u00e9rdidas humanas.<\/p>\n<p>&nbsp;<\/p>\n<p>La entidad exhort\u00f3 a todos los conductores, especialmente a los motociclistas, a asumir una conducta responsable, respetar las se\u00f1ales de tr\u00e1nsito y cumplir con lo establecido en la Ley 63-17, como parte del compromiso colectivo para garantizar una movilidad m\u00e1s segura para todos.<img loading=\"lazy\" decoding=\"async\" class=\"alignnone size-medium wp-image-5855\" src=\"https:\/\/periodicolarepublica.com\/wp-content\/uploads\/2026\/04\/IMG-20260429-WA0300-300x163.jpg\" alt=\"\" width=\"300\" height=\"163\" srcset=\"https:\/\/periodicolarepublica.com\/wp-content\/uploads\/2026\/04\/IMG-20260429-WA0300-300x163.jpg?v=1777474300 300w, https:\/\/periodicolarepublica.com\/wp-content\/uploads\/2026\/04\/IMG-20260429-WA0300-150x82.jpg?v=1777474300 150w, https:\/\/periodicolarepublica.com\/wp-content\/uploads\/2026\/04\/IMG-20260429-WA0300-600x327.jpg?v=1777474300 600w, https:\/\/periodicolarepublica.com\/wp-content\/uploads\/2026\/04\/IMG-20260429-WA0300-696x379.jpg?v=1777474300 696w, https:\/\/periodicolarepublica.com\/wp-content\/uploads\/2026\/04\/IMG-20260429-WA0300.jpg?v=1777474300 729w\" sizes=\"auto, (max-width: 300px) 100vw, 300px\" \/><\/p>\n<p>&nbsp;<\/p>\n<p>&nbsp;<\/p>\n","protected":false},"excerpt":{"rendered":"<p>*M\u00e1s de 81 mil fueron retenidas, acciones que reflejan firme acci\u00f3n de la DIGESETT por la seguridad vial* La Direcci\u00f3n General de Seguridad de Tr\u00e1nsito y Transporte Terrestre (DIGESETT) reafirma su compromiso con la seguridad vial mediante la ejecuci\u00f3n permanente de operativos de fiscalizaci\u00f3n dirigidos a conductores de motocicletas, en cumplimiento de la Ley 63-17 [&hellip;]<\/p>\n","protected":false},"author":10,"featured_media":5855,"comment_status":"open","ping_status":"open","sticky":false,"template":"","format":"standard","meta":{"om_disable_all_campaigns":false,"_monsterinsights_skip_tracking":false,"_monsterinsights_sitenote_active":false,"_monsterinsights_sitenote_note":"","_monsterinsights_sitenote_category":0,"footnotes":""},"categories":[1],"tags":[],"class_list":{"0":"post-5854","1":"post","2":"type-post","3":"status-publish","4":"format-standard","5":"has-post-thumbnail","7":"category-nacionales"},"aioseo_notices":[],"_links":{"self":[{"href":"https:\/\/periodicolarepublica.com\/index.php\/wp-json\/wp\/v2\/posts\/5854","targetHints":{"allow":["GET"]}}],"collection":[{"href":"https:\/\/periodicolarepublica.com\/index.php\/wp-json\/wp\/v2\/posts"}],"about":[{"href":"https:\/\/periodicolarepublica.com\/index.php\/wp-json\/wp\/v2\/types\/post"}],"author":[{"embeddable":true,"href":"https:\/\/periodicolarepublica.com\/index.php\/wp-json\/wp\/v2\/users\/10"}],"replies":[{"embeddable":true,"href":"https:\/\/periodicolarepublica.com\/index.php\/wp-json\/wp\/v2\/comments?post=5854"}],"version-history":[{"count":1,"href":"https:\/\/periodicolarepublica.com\/index.php\/wp-json\/wp\/v2\/posts\/5854\/revisions"}],"predecessor-version":[{"id":5856,"href":"https:\/\/periodicolarepublica.com\/index.php\/wp-json\/wp\/v2\/posts\/5854\/revisions\/5856"}],"wp:featuredmedia":[{"embeddable":true,"href":"https:\/\/periodicolarepublica.com\/index.php\/wp-json\/wp\/v2\/media\/5855"}],"wp:attachment":[{"href":"https:\/\/periodicolarepublica.com\/index.php\/wp-json\/wp\/v2\/media?parent=5854"}],"wp:term":[{"taxonomy":"category","embeddable":true,"href":"https:\/\/periodicolarepublica.com\/index.php\/wp-json\/wp\/v2\/categories?post=5854"},{"taxonomy":"post_tag","embeddable":true,"href":"https:\/\/periodicolarepublica.com\/index.php\/wp-json\/wp\/v2\/tags?post=5854"}],"curies":[{"name":"wp","href":"https:\/\/api.w.org\/{rel}","templated":true}]}}