{"id":5857,"date":"2026-04-30T08:44:36","date_gmt":"2026-04-30T12:44:36","guid":{"rendered":"https:\/\/periodicolarepublica.com\/?p=5857"},"modified":"2026-04-30T08:44:36","modified_gmt":"2026-04-30T12:44:36","slug":"ministerio-de-educacion-informa-suspension-de-docencia-para-montecristi-santiago-rodriguez-puerto-plata-y-valverde-por-alerta-roja","status":"publish","type":"post","link":"https:\/\/periodicolarepublica.com\/index.php\/2026\/04\/30\/ministerio-de-educacion-informa-suspension-de-docencia-para-montecristi-santiago-rodriguez-puerto-plata-y-valverde-por-alerta-roja\/","title":{"rendered":"Ministerio de Educaci\u00f3n informa suspensi\u00f3n de docencia para Montecristi, Santiago Rodr\u00edguez, Puerto Plata y Valverde por alerta roja"},"content":{"rendered":"<p>*Ministerio de Educaci\u00f3n informa suspensi\u00f3n de docencia para Montecristi, Santiago Rodr\u00edguez, Puerto Plata y Valverde por alerta roja<\/p>\n<p>&nbsp;<\/p>\n<p>&nbsp;<\/p>\n<p>El Ministerio de Educaci\u00f3n de la Rep\u00fablica Dominicana (MINERD) inform\u00f3 la suspensi\u00f3n de docencia para hoy jueves en las provincias de Montecristi, Puerto Plata, Santiago Rodr\u00edguez y Valverde tras ser declaradas en alerta roja en el bolet\u00edn del Centro de Operaciones de Emergencias (COE) debido a las condiciones meteorol\u00f3gicas actuales.<\/p>\n<p>&nbsp;<\/p>\n<p>La cartera educativa indic\u00f3 a los directores regionales, distritales y de centros educativos a mantener medidas preventivas en las provincias en alerta amarilla que cuentan con zonas vulnerables, en funci\u00f3n de la evoluci\u00f3n de las condiciones clim\u00e1ticas.<\/p>\n<p>&nbsp;<\/p>\n<p>La entidad sostuvo que estas disposiciones incluyen la evaluaci\u00f3n continua de riesgos, as\u00ed como la potestad para suspender la docencia en \u00e1reas donde las condiciones climatol\u00f3gicas lo ameriten.<\/p>\n<p>&nbsp;<\/p>\n<p>El Ministerio llam\u00f3 a la comunidad educativa a mantenerse atenta a los boletines oficiales y a seguir las orientaciones de los organismos de protecci\u00f3n civil.<\/p>\n<p>&nbsp;<\/p>\n<p>Igualmente, record\u00f3 que, de acuerdo con el Centro de Operaciones de Emergencias (COE), la alerta roja se declara cuando existe un alto nivel de riesgo para la poblaci\u00f3n, ante la inminente ocurrencia de fen\u00f3menos adversos o cuando estos ya est\u00e1n impactando de manera significativa, lo que requiere la adopci\u00f3n inmediata de medidas de protecci\u00f3n.<\/p>\n<p>&nbsp;<\/p>\n<p>El COE establece que la alerta amarilla indica una situaci\u00f3n de riesgo moderado que puede escalar, por lo que se recomienda a la poblaci\u00f3n mantenerse atenta, y tomar precauciones.<\/p>\n<p>&nbsp;<\/p>\n<p>De igual forma, la alerta verde se emite ante la posibilidad de un evento adverso, lo que implica condiciones de vigilancia y seguimiento, sin que represente un peligro inmediato.<\/p>\n<p>&nbsp;<\/p>\n<p>*Direcci\u00f3n de Comunicaciones*<\/p>\n<figure id=\"attachment_4486\" aria-describedby=\"caption-attachment-4486\" style=\"width: 300px\" class=\"wp-caption alignnone\"><img loading=\"lazy\" decoding=\"async\" class=\"size-medium wp-image-4486\" src=\"https:\/\/periodicolarepublica.com\/wp-content\/uploads\/2025\/11\/RegularizacionTecnicosDocentes202202-e1764506767153-300x278.png\" alt=\"\" width=\"300\" height=\"278\" srcset=\"https:\/\/periodicolarepublica.com\/wp-content\/uploads\/2025\/11\/RegularizacionTecnicosDocentes202202-e1764506767153-300x278.png 300w, https:\/\/periodicolarepublica.com\/wp-content\/uploads\/2025\/11\/RegularizacionTecnicosDocentes202202-e1764506767153-150x139.png 150w, https:\/\/periodicolarepublica.com\/wp-content\/uploads\/2025\/11\/RegularizacionTecnicosDocentes202202-e1764506767153-600x557.png 600w, https:\/\/periodicolarepublica.com\/wp-content\/uploads\/2025\/11\/RegularizacionTecnicosDocentes202202-e1764506767153-648x603.png 648w, https:\/\/periodicolarepublica.com\/wp-content\/uploads\/2025\/11\/RegularizacionTecnicosDocentes202202-e1764506767153.png 650w\" sizes=\"auto, (max-width: 300px) 100vw, 300px\" \/><figcaption id=\"caption-attachment-4486\" class=\"wp-caption-text\">Mimerd<\/figcaption><\/figure>\n","protected":false},"excerpt":{"rendered":"<p>*Ministerio de Educaci\u00f3n informa suspensi\u00f3n de docencia para Montecristi, Santiago Rodr\u00edguez, Puerto Plata y Valverde por alerta roja &nbsp; &nbsp; El Ministerio de Educaci\u00f3n de la Rep\u00fablica Dominicana (MINERD) inform\u00f3 la suspensi\u00f3n de docencia para hoy jueves en las provincias de Montecristi, Puerto Plata, Santiago Rodr\u00edguez y Valverde tras ser declaradas en alerta roja en [&hellip;]<\/p>\n","protected":false},"author":1,"featured_media":4486,"comment_status":"open","ping_status":"open","sticky":false,"template":"","format":"standard","meta":{"om_disable_all_campaigns":false,"_monsterinsights_skip_tracking":false,"_monsterinsights_sitenote_active":false,"_monsterinsights_sitenote_note":"","_monsterinsights_sitenote_category":0,"footnotes":""},"categories":[1],"tags":[],"class_list":{"0":"post-5857","1":"post","2":"type-post","3":"status-publish","4":"format-standard","5":"has-post-thumbnail","7":"category-nacionales"},"aioseo_notices":[],"_links":{"self":[{"href":"https:\/\/periodicolarepublica.com\/index.php\/wp-json\/wp\/v2\/posts\/5857","targetHints":{"allow":["GET"]}}],"collection":[{"href":"https:\/\/periodicolarepublica.com\/index.php\/wp-json\/wp\/v2\/posts"}],"about":[{"href":"https:\/\/periodicolarepublica.com\/index.php\/wp-json\/wp\/v2\/types\/post"}],"author":[{"embeddable":true,"href":"https:\/\/periodicolarepublica.com\/index.php\/wp-json\/wp\/v2\/users\/1"}],"replies":[{"embeddable":true,"href":"https:\/\/periodicolarepublica.com\/index.php\/wp-json\/wp\/v2\/comments?post=5857"}],"version-history":[{"count":1,"href":"https:\/\/periodicolarepublica.com\/index.php\/wp-json\/wp\/v2\/posts\/5857\/revisions"}],"predecessor-version":[{"id":5858,"href":"https:\/\/periodicolarepublica.com\/index.php\/wp-json\/wp\/v2\/posts\/5857\/revisions\/5858"}],"wp:featuredmedia":[{"embeddable":true,"href":"https:\/\/periodicolarepublica.com\/index.php\/wp-json\/wp\/v2\/media\/4486"}],"wp:attachment":[{"href":"https:\/\/periodicolarepublica.com\/index.php\/wp-json\/wp\/v2\/media?parent=5857"}],"wp:term":[{"taxonomy":"category","embeddable":true,"href":"https:\/\/periodicolarepublica.com\/index.php\/wp-json\/wp\/v2\/categories?post=5857"},{"taxonomy":"post_tag","embeddable":true,"href":"https:\/\/periodicolarepublica.com\/index.php\/wp-json\/wp\/v2\/tags?post=5857"}],"curies":[{"name":"wp","href":"https:\/\/api.w.org\/{rel}","templated":true}]}}