{"id":5860,"date":"2026-04-30T20:10:47","date_gmt":"2026-05-01T00:10:47","guid":{"rendered":"https:\/\/periodicolarepublica.com\/?p=5860"},"modified":"2026-04-30T20:10:47","modified_gmt":"2026-05-01T00:10:47","slug":"sns-continua-ampliando-atencion-en-salud-mental-en-la-red-publica","status":"publish","type":"post","link":"https:\/\/periodicolarepublica.com\/index.php\/2026\/04\/30\/sns-continua-ampliando-atencion-en-salud-mental-en-la-red-publica\/","title":{"rendered":"*SNS contin\u00faa ampliando atenci\u00f3n en salud mental en la Red P\u00fablica*"},"content":{"rendered":"<p>*Primera dama y director del SNS inauguran sala de atenci\u00f3n en crisis en Hospital Robert Reid Cabral*<\/p>\n<p><img loading=\"lazy\" decoding=\"async\" class=\"alignnone size-medium wp-image-5861\" src=\"https:\/\/periodicolarepublica.com\/wp-content\/uploads\/2026\/04\/IMG-20260430-WA1371-300x214.jpg\" alt=\"\" width=\"300\" height=\"214\" srcset=\"https:\/\/periodicolarepublica.com\/wp-content\/uploads\/2026\/04\/IMG-20260430-WA1371-300x214.jpg?v=1777594236 300w, https:\/\/periodicolarepublica.com\/wp-content\/uploads\/2026\/04\/IMG-20260430-WA1371-1024x731.jpg?v=1777594236 1024w, https:\/\/periodicolarepublica.com\/wp-content\/uploads\/2026\/04\/IMG-20260430-WA1371-768x548.jpg?v=1777594236 768w, https:\/\/periodicolarepublica.com\/wp-content\/uploads\/2026\/04\/IMG-20260430-WA1371-1536x1096.jpg?v=1777594236 1536w, https:\/\/periodicolarepublica.com\/wp-content\/uploads\/2026\/04\/IMG-20260430-WA1371-2048x1462.jpg?v=1777594236 2048w, https:\/\/periodicolarepublica.com\/wp-content\/uploads\/2026\/04\/IMG-20260430-WA1371-150x107.jpg?v=1777594236 150w, https:\/\/periodicolarepublica.com\/wp-content\/uploads\/2026\/04\/IMG-20260430-WA1371-600x428.jpg?v=1777594236 600w, https:\/\/periodicolarepublica.com\/wp-content\/uploads\/2026\/04\/IMG-20260430-WA1371-696x497.jpg?v=1777594236 696w, https:\/\/periodicolarepublica.com\/wp-content\/uploads\/2026\/04\/IMG-20260430-WA1371-1392x993.jpg?v=1777594236 1392w, https:\/\/periodicolarepublica.com\/wp-content\/uploads\/2026\/04\/IMG-20260430-WA1371-1068x762.jpg?v=1777594236 1068w, https:\/\/periodicolarepublica.com\/wp-content\/uploads\/2026\/04\/IMG-20260430-WA1371-1920x1370.jpg?v=1777594236 1920w, https:\/\/periodicolarepublica.com\/wp-content\/uploads\/2026\/04\/IMG-20260430-WA1371-100x70.jpg?v=1777594236 100w\" sizes=\"auto, (max-width: 300px) 100vw, 300px\" \/>Santo Domingo. \u2013 Ante el incremento de las patolog\u00edas mentales que afectan a la poblaci\u00f3n dominicana, el fortalecimiento de la atenci\u00f3n en salud mental se ha consolidado como uno de los ejes prioritarios de la gesti\u00f3n del Servicio Nacional de Salud (SNS), encabezado por su director ejecutivo, Julio C\u00e9sar Landr\u00f3n.<\/p>\n<p>&nbsp;<\/p>\n<p>Es por ello que, desde el inicio de su administraci\u00f3n, el titular del SNS ha impulsado la ampliaci\u00f3n de la capacidad de respuesta, logrando actualmente la disponibilidad de m\u00e1s de 200 camas en distintos centros de la Red P\u00fablica, distribuidas en las distintas unidades de intervenci\u00f3n en crisis que han sido inauguradas.<\/p>\n<p>&nbsp;<\/p>\n<p>Como parte de estas acciones, y con el apoyo de la Oficina de la Primera Dama, se construyen el Centro de Rehabilitaci\u00f3n Psicosocial Carlos M. Rojas Bad\u00eda, en Moca, provincia Espaillat, y el Centro Psicosocial Ema\u00fas, en Hig\u00fcey, provincia La Altagracia.<\/p>\n<p>&nbsp;<\/p>\n<p>Por otro lado, el Hospital Jos\u00e9 Manuel Rodr\u00edguez Jimenes (antiguo Santo Socorro) cuenta con una unidad de salud mental para ni\u00f1os y adolescentes, \u00fanica en su tipo para la intervenci\u00f3n en crisis, con 12 camas de hospitalizaci\u00f3n. Esta unidad ofrece servicios de consulta en psicolog\u00eda y psiquiatr\u00eda, evaluaciones psicom\u00e9tricas, intervenci\u00f3n en crisis, terapias electroconvulsivas y psicoterapias.<\/p>\n<p>&nbsp;<\/p>\n<p>Actualmente, el centro se encuentra en un proceso de remozamiento integral que incluye la habilitaci\u00f3n de un \u00e1rea independiente con una emergencia exclusiva de salud mental. Como parte de estos trabajos, se contemplan espacios como \u00e1rea de registro, consultorio de triaje, \u00e1rea de observaci\u00f3n con dos camas, unidad de terapia electroconvulsiva, seis habitaciones de internamiento, \u00e1rea de descanso m\u00e9dico y estaci\u00f3n de enfermer\u00eda, adem\u00e1s de una sala de espera y farmacia.<\/p>\n<p>&nbsp;<\/p>\n<p>En ese contexto, este jueves fue inaugurada una nueva sala de atenci\u00f3n en crisis en el Hospital Pedi\u00e1trico Dr. Robert Reid Cabral, destinada a brindar asistencia especializada en salud mental a ni\u00f1os, ni\u00f1as y adolescentes.<\/p>\n<p>&nbsp;<\/p>\n<p>La apertura de esta unidad cont\u00f3 con la participaci\u00f3n de la primera dama de la Rep\u00fablica, Raquel Arbaje; el director ejecutivo del SNS, Julio C\u00e9sar Landr\u00f3n; y la directora del centro hospitalario, Mabel Jones.<\/p>\n<p>&nbsp;<\/p>\n<p>La inversi\u00f3n total destinada a esta sala asciende a 2.2 millones de pesos, e incluye tres habitaciones de internamiento completamente climatizadas, con capacidad para seis camas; \u00e1rea de terapia electroconvulsiva, estaci\u00f3n de enfermer\u00eda, dos ba\u00f1os y sala de espera, adem\u00e1s de un equipo especializado en psiquiatr\u00eda y psicolog\u00eda.<\/p>\n<p>&nbsp;<\/p>\n<p>En continuidad con el amadrinamiento que mantiene con el centro de salud, la Oficina de la primera dama tuvo a su cargo la climatizaci\u00f3n total del espacio, contribuyendo a garantizar condiciones dignas para la atenci\u00f3n de los pacientes.<\/p>\n<p>&nbsp;<\/p>\n<p>Durante el acto, la primera dama, Raquel Arbaje, destac\u00f3 que esta iniciativa reafirma el compromiso de continuar fortaleciendo la atenci\u00f3n en salud mental, especialmente en la poblaci\u00f3n infantil.<\/p>\n<p>&nbsp;<\/p>\n<p>\u201cEste es un paso que reafirma que la salud mental es tan importante como cualquier otra. Nuestros ni\u00f1os y ni\u00f1as merecen espacios dignos, con atenci\u00f3n cient\u00edfica y humana, especialmente en sus momentos m\u00e1s dif\u00edciles\u201d, expres\u00f3.<\/p>\n<p>&nbsp;<\/p>\n<p>De su lado, el doctor Julio C\u00e9sar Landr\u00f3n reiter\u00f3 el compromiso del Gobierno de ampliar la cobertura de los servicios de salud mental, as\u00ed como la disponibilidad de camas y recursos necesarios para la estabilizaci\u00f3n de los pacientes.<\/p>\n<p>&nbsp;<\/p>\n<p>La directora del Hospital Pedi\u00e1trico Dr. Robert Reid Cabral, Mabel Jones, valor\u00f3 la puesta en funcionamiento de esta unidad como un avance significativo en la atenci\u00f3n oportuna y especializada en salud mental infantil.<\/p>\n<p>&nbsp;<\/p>\n<p>Con estas iniciativas, el SNS reafirma su compromiso de seguir construyendo un sistema de salud m\u00e1s humano, integral y enfocado en el bienestar de la poblaci\u00f3n dominicana, especialmente de la ni\u00f1ez.<\/p>\n","protected":false},"excerpt":{"rendered":"<p>*Primera dama y director del SNS inauguran sala de atenci\u00f3n en crisis en Hospital Robert Reid Cabral* Santo Domingo. \u2013 Ante el incremento de las patolog\u00edas mentales que afectan a la poblaci\u00f3n dominicana, el fortalecimiento de la atenci\u00f3n en salud mental se ha consolidado como uno de los ejes prioritarios de la gesti\u00f3n del Servicio [&hellip;]<\/p>\n","protected":false},"author":10,"featured_media":5861,"comment_status":"open","ping_status":"open","sticky":false,"template":"","format":"standard","meta":{"om_disable_all_campaigns":false,"_monsterinsights_skip_tracking":false,"_monsterinsights_sitenote_active":false,"_monsterinsights_sitenote_note":"","_monsterinsights_sitenote_category":0,"footnotes":""},"categories":[1],"tags":[],"class_list":{"0":"post-5860","1":"post","2":"type-post","3":"status-publish","4":"format-standard","5":"has-post-thumbnail","7":"category-nacionales"},"aioseo_notices":[],"_links":{"self":[{"href":"https:\/\/periodicolarepublica.com\/index.php\/wp-json\/wp\/v2\/posts\/5860","targetHints":{"allow":["GET"]}}],"collection":[{"href":"https:\/\/periodicolarepublica.com\/index.php\/wp-json\/wp\/v2\/posts"}],"about":[{"href":"https:\/\/periodicolarepublica.com\/index.php\/wp-json\/wp\/v2\/types\/post"}],"author":[{"embeddable":true,"href":"https:\/\/periodicolarepublica.com\/index.php\/wp-json\/wp\/v2\/users\/10"}],"replies":[{"embeddable":true,"href":"https:\/\/periodicolarepublica.com\/index.php\/wp-json\/wp\/v2\/comments?post=5860"}],"version-history":[{"count":1,"href":"https:\/\/periodicolarepublica.com\/index.php\/wp-json\/wp\/v2\/posts\/5860\/revisions"}],"predecessor-version":[{"id":5862,"href":"https:\/\/periodicolarepublica.com\/index.php\/wp-json\/wp\/v2\/posts\/5860\/revisions\/5862"}],"wp:featuredmedia":[{"embeddable":true,"href":"https:\/\/periodicolarepublica.com\/index.php\/wp-json\/wp\/v2\/media\/5861"}],"wp:attachment":[{"href":"https:\/\/periodicolarepublica.com\/index.php\/wp-json\/wp\/v2\/media?parent=5860"}],"wp:term":[{"taxonomy":"category","embeddable":true,"href":"https:\/\/periodicolarepublica.com\/index.php\/wp-json\/wp\/v2\/categories?post=5860"},{"taxonomy":"post_tag","embeddable":true,"href":"https:\/\/periodicolarepublica.com\/index.php\/wp-json\/wp\/v2\/tags?post=5860"}],"curies":[{"name":"wp","href":"https:\/\/api.w.org\/{rel}","templated":true}]}}