{"id":5863,"date":"2026-05-01T11:47:33","date_gmt":"2026-05-01T15:47:33","guid":{"rendered":"https:\/\/periodicolarepublica.com\/?p=5863"},"modified":"2026-05-01T11:47:33","modified_gmt":"2026-05-01T15:47:33","slug":"apordom-y-comision-portuaria-de-guatemala-firman-acuerdo-para-fortalecer-la-cooperacion-portuaria","status":"publish","type":"post","link":"https:\/\/periodicolarepublica.com\/index.php\/2026\/05\/01\/apordom-y-comision-portuaria-de-guatemala-firman-acuerdo-para-fortalecer-la-cooperacion-portuaria\/","title":{"rendered":"APORDOM y Comisi\u00f3n Portuaria de Guatemala firman acuerdo para fortalecer la cooperaci\u00f3n portuaria."},"content":{"rendered":"<p>&nbsp;<\/p>\n<p>Santo Domingo, Rep\u00fablica Dominicana. \u2013 La Autoridad Portuaria Dominicana (APORDOM) y la Comisi\u00f3n Portuaria Nacional de la Rep\u00fablica de Guatemala suscribieron un Memorando de Entendimiento con el objetivo de fortalecer la cooperaci\u00f3n bilateral, impulsando el desarrollo sostenible, la modernizaci\u00f3n y la eficiencia de sus sistemas portuarios.<\/p>\n<p>&nbsp;<\/p>\n<p>El acto protocolar se llev\u00f3 a cabo en el Sal\u00f3n Verde del Ministerio de Relaciones Exteriores, encabezado por el director ejecutivo de la Autoridad Portuaria Dominicana, Jean Luis Rodr\u00edguez, y el director general de la Comisi\u00f3n Portuaria Nacional de la Rep\u00fablica de Guatemala, Leonel Alberto Molina Cabrera, quienes reafirmaron el compromiso de ambas instituciones con la innovaci\u00f3n, la sostenibilidad y el fortalecimiento de la integraci\u00f3n portuaria regional.<\/p>\n<p>&nbsp;<\/p>\n<p>Al ofrecer las palabras centrales del acto, Jean Luis Rodr\u00edguez expres\u00f3: \u00a8Nadie moderniza puertos sin aprender de la experiencia ajena, ni fortalece su sistema portuario si lo hace en aislamiento. Esa cooperaci\u00f3n es la que consolida la seguridad, la competitividad y el desarrollo para nuestras sociedades.\u201d<\/p>\n<p>&nbsp;<\/p>\n<p>En tanto, Leonel Molina Cabrera expres\u00f3: \u00a8Todo lo que ustedes han compartido con nosotros lo hemos trasladado a la realidad. Hemos adoptado esa experiencia como parte de nuestro modelo, entendiendo la log\u00edstica que han desarrollado, la forma en que han articulado la multimodalidad y c\u00f3mo han impulsado procesos de transformaci\u00f3n digital que hoy los posicionan como un referente en el Caribe.\u201d<\/p>\n<p>&nbsp;<\/p>\n<p>La firma de este importante acuerdo se realiz\u00f3 en el marco de la misi\u00f3n t\u00e9cnica que visita el pa\u00eds desde el pasado 27 de abril y hasta el 1 de mayo, como parte de una agenda de trabajo que incluy\u00f3 visitas t\u00e9cnicas al Puerto R\u00edo Haina, la sede de la Autoridad Portuaria Dominicana (APORDOM) y al Puerto Caucedo.<\/p>\n<p>&nbsp;<\/p>\n<p>\u201cLos puertos conectan mercanc\u00edas, pero, sobre todo, conectan oportunidades. Si trabajamos juntos, con profesionalismo, \u00e9tica y visi\u00f3n de largo plazo, convertiremos esas oportunidades en empleos, en exportaciones justas y en mayor bienestar para nuestras comunidades\u201d, agreg\u00f3 Jean Luis Rodr\u00edguez.<\/p>\n<p>&nbsp;<\/p>\n<p>El acuerdo establece un marco de colaboraci\u00f3n basado en principios de equidad, reciprocidad y beneficio mutuo, en respuesta a los nuevos retos que enfrenta el sector portuario a nivel global.<\/p>\n<p>&nbsp;<\/p>\n<p>\u201cEstamos en medio de un proceso de transformaci\u00f3n, y ese camino lleva el aporte de la Rep\u00fablica Dominicana. Han sido una gu\u00eda para Guatemala, ayud\u00e1ndonos a abrir puertas, compartir conocimientos y fortalecer nuestras capacidades, con la visi\u00f3n de construir una operaci\u00f3n m\u00e1s integrada y un desarrollo conjunto en la regi\u00f3n\u201d, asegur\u00f3 Leonel Molina Cabrera.<\/p>\n<p>&nbsp;<\/p>\n<p>Entre las principales \u00e1reas de cooperaci\u00f3n contempladas en el Memorando se destacan la gobernanza portuaria, la transici\u00f3n energ\u00e9tica y sostenibilidad ambiental, la conectividad, la digitalizaci\u00f3n, la seguridad portuaria y la integraci\u00f3n puerto-ciudad.<\/p>\n<p>&nbsp;<\/p>\n<p>Asimismo, el acuerdo prev\u00e9 diversas modalidades de colaboraci\u00f3n, incluyendo el intercambio de informaci\u00f3n y expertos, la realizaci\u00f3n de programas de capacitaci\u00f3n, la organizaci\u00f3n de eventos t\u00e9cnicos y el impulso a la investigaci\u00f3n y desarrollo tecnol\u00f3gico. Tambi\u00e9n se contempla la promoci\u00f3n de una red de colaboraci\u00f3n portuaria en el \u00e1mbito iberoamericano.<\/p>\n<p>&nbsp;<\/p>\n<p>Durante la misi\u00f3n t\u00e9cnica, la delegaci\u00f3n guatemalteca sostuvo encuentros con autoridades y operadores portuarios dominicanos para conocer de cerca los modelos de gesti\u00f3n implementados en terminales estrat\u00e9gicas del pa\u00eds, con el objetivo de identificar mejores pr\u00e1cticas que puedan ser replicadas en su sistema portuario nacional, fortaleciendo as\u00ed los procesos de modernizaci\u00f3n y competitividad institucional.<\/p>\n<p>&nbsp;<\/p>\n<p>El Memorando tendr\u00e1 una vigencia inicial de cuatro a\u00f1os, renovable autom\u00e1ticamente, y no genera obligaciones jur\u00eddicas entre las partes, lo que permite una cooperaci\u00f3n flexible y adaptada a las necesidades de cada instituci\u00f3n.<\/p>\n<p>&nbsp;<\/p>\n<p>Con esta iniciativa, ambas entidades reafirman su compromiso con el fortalecimiento del sector portuario, la innovaci\u00f3n y la cooperaci\u00f3n internacional como pilares para el desarrollo sostenible.<\/p>\n<p><img loading=\"lazy\" decoding=\"async\" class=\"alignnone size-medium wp-image-5864\" src=\"https:\/\/periodicolarepublica.com\/wp-content\/uploads\/2026\/05\/IMG-20260501-WA0530-300x214.jpg\" alt=\"\" width=\"300\" height=\"214\" srcset=\"https:\/\/periodicolarepublica.com\/wp-content\/uploads\/2026\/05\/IMG-20260501-WA0530-300x214.jpg?v=1777650446 300w, https:\/\/periodicolarepublica.com\/wp-content\/uploads\/2026\/05\/IMG-20260501-WA0530-1024x731.jpg?v=1777650446 1024w, https:\/\/periodicolarepublica.com\/wp-content\/uploads\/2026\/05\/IMG-20260501-WA0530-768x548.jpg?v=1777650446 768w, https:\/\/periodicolarepublica.com\/wp-content\/uploads\/2026\/05\/IMG-20260501-WA0530-1536x1096.jpg?v=1777650446 1536w, https:\/\/periodicolarepublica.com\/wp-content\/uploads\/2026\/05\/IMG-20260501-WA0530-150x107.jpg?v=1777650446 150w, https:\/\/periodicolarepublica.com\/wp-content\/uploads\/2026\/05\/IMG-20260501-WA0530-600x428.jpg?v=1777650446 600w, https:\/\/periodicolarepublica.com\/wp-content\/uploads\/2026\/05\/IMG-20260501-WA0530-696x497.jpg?v=1777650446 696w, https:\/\/periodicolarepublica.com\/wp-content\/uploads\/2026\/05\/IMG-20260501-WA0530-1392x994.jpg?v=1777650446 1392w, https:\/\/periodicolarepublica.com\/wp-content\/uploads\/2026\/05\/IMG-20260501-WA0530-1068x762.jpg?v=1777650446 1068w, https:\/\/periodicolarepublica.com\/wp-content\/uploads\/2026\/05\/IMG-20260501-WA0530-100x70.jpg?v=1777650446 100w, https:\/\/periodicolarepublica.com\/wp-content\/uploads\/2026\/05\/IMG-20260501-WA0530.jpg?v=1777650446 1600w\" sizes=\"auto, (max-width: 300px) 100vw, 300px\" \/><\/p>\n<p>&nbsp;<\/p>\n","protected":false},"excerpt":{"rendered":"<p>&nbsp; Santo Domingo, Rep\u00fablica Dominicana. \u2013 La Autoridad Portuaria Dominicana (APORDOM) y la Comisi\u00f3n Portuaria Nacional de la Rep\u00fablica de Guatemala suscribieron un Memorando de Entendimiento con el objetivo de fortalecer la cooperaci\u00f3n bilateral, impulsando el desarrollo sostenible, la modernizaci\u00f3n y la eficiencia de sus sistemas portuarios. &nbsp; El acto protocolar se llev\u00f3 a cabo [&hellip;]<\/p>\n","protected":false},"author":10,"featured_media":5864,"comment_status":"open","ping_status":"open","sticky":false,"template":"","format":"standard","meta":{"om_disable_all_campaigns":false,"_monsterinsights_skip_tracking":false,"_monsterinsights_sitenote_active":false,"_monsterinsights_sitenote_note":"","_monsterinsights_sitenote_category":0,"footnotes":""},"categories":[1],"tags":[],"class_list":{"0":"post-5863","1":"post","2":"type-post","3":"status-publish","4":"format-standard","5":"has-post-thumbnail","7":"category-nacionales"},"aioseo_notices":[],"_links":{"self":[{"href":"https:\/\/periodicolarepublica.com\/index.php\/wp-json\/wp\/v2\/posts\/5863","targetHints":{"allow":["GET"]}}],"collection":[{"href":"https:\/\/periodicolarepublica.com\/index.php\/wp-json\/wp\/v2\/posts"}],"about":[{"href":"https:\/\/periodicolarepublica.com\/index.php\/wp-json\/wp\/v2\/types\/post"}],"author":[{"embeddable":true,"href":"https:\/\/periodicolarepublica.com\/index.php\/wp-json\/wp\/v2\/users\/10"}],"replies":[{"embeddable":true,"href":"https:\/\/periodicolarepublica.com\/index.php\/wp-json\/wp\/v2\/comments?post=5863"}],"version-history":[{"count":1,"href":"https:\/\/periodicolarepublica.com\/index.php\/wp-json\/wp\/v2\/posts\/5863\/revisions"}],"predecessor-version":[{"id":5865,"href":"https:\/\/periodicolarepublica.com\/index.php\/wp-json\/wp\/v2\/posts\/5863\/revisions\/5865"}],"wp:featuredmedia":[{"embeddable":true,"href":"https:\/\/periodicolarepublica.com\/index.php\/wp-json\/wp\/v2\/media\/5864"}],"wp:attachment":[{"href":"https:\/\/periodicolarepublica.com\/index.php\/wp-json\/wp\/v2\/media?parent=5863"}],"wp:term":[{"taxonomy":"category","embeddable":true,"href":"https:\/\/periodicolarepublica.com\/index.php\/wp-json\/wp\/v2\/categories?post=5863"},{"taxonomy":"post_tag","embeddable":true,"href":"https:\/\/periodicolarepublica.com\/index.php\/wp-json\/wp\/v2\/tags?post=5863"}],"curies":[{"name":"wp","href":"https:\/\/api.w.org\/{rel}","templated":true}]}}