{"id":5866,"date":"2026-05-01T18:52:46","date_gmt":"2026-05-01T22:52:46","guid":{"rendered":"https:\/\/periodicolarepublica.com\/?p=5866"},"modified":"2026-05-01T18:52:46","modified_gmt":"2026-05-01T22:52:46","slug":"felicia-contreras-representa-al-pais-en-el-salvador-con-charla-magistral-sobre-mujeres-que-transforman-desde-las-buenas-practicas","status":"publish","type":"post","link":"https:\/\/periodicolarepublica.com\/index.php\/2026\/05\/01\/felicia-contreras-representa-al-pais-en-el-salvador-con-charla-magistral-sobre-mujeres-que-transforman-desde-las-buenas-practicas\/","title":{"rendered":"Felicia Contreras representa al pa\u00eds en El Salvador con charla magistral sobre mujeres que transforman desde las buenas pr\u00e1cticas"},"content":{"rendered":"<p>San Salvador, El Salvador. \u2014 La Lic. Felicia Contreras particip\u00f3 como conferencista internacional en El Salvador, donde imparti\u00f3 la charla magistral titulada \u201cMujeres que transforman: el poder de las buenas pr\u00e1cticas\u201d, destacando el rol fundamental de la mujer en la construcci\u00f3n de sociedades m\u00e1s justas, \u00e9ticas y sostenibles.<\/p>\n<p>&nbsp;<\/p>\n<p>Durante su intervenci\u00f3n, Contreras abord\u00f3 la importancia de impulsar liderazgos femeninos basados en valores, transparencia y compromiso social, resaltando c\u00f3mo las buenas pr\u00e1cticas pueden convertirse en motores de cambio real en comunidades e instituciones.<\/p>\n<p>&nbsp;<\/p>\n<p>\u201cLas mujeres no solo estamos llamadas a participar, sino a transformar cada espacio que tocamos, demostrando que el liderazgo con principios es la clave para el desarrollo sostenible\u201d, expres\u00f3.<\/p>\n<p>&nbsp;<\/p>\n<p>La actividad reuni\u00f3 a l\u00edderes, profesionales y representantes de distintos sectores, consolid\u00e1ndose como un espacio de intercambio de ideas y experiencias en torno al empoderamiento femenino y la implementaci\u00f3n de modelos de gesti\u00f3n responsables.<\/p>\n<p>&nbsp;<\/p>\n<p>La participaci\u00f3n de la Lic. Contreras fortalece los lazos de cooperaci\u00f3n regional y posiciona su trabajo como referente en la promoci\u00f3n de iniciativas que impulsan el desarrollo con enfoque humano.<\/p>\n<p>&nbsp;<\/p>\n<p>Finalmente, reafirm\u00f3 su compromiso de continuar promoviendo acciones que fomenten la equidad, el liderazgo femenino y la aplicaci\u00f3n de buenas pr\u00e1cticas en todos los \u00e1mbitos de la sociedad.<img loading=\"lazy\" decoding=\"async\" class=\"alignnone size-medium wp-image-5867\" src=\"https:\/\/periodicolarepublica.com\/wp-content\/uploads\/2026\/05\/IMG-20260501-WA1241-300x169.jpg\" alt=\"\" width=\"300\" height=\"169\" srcset=\"https:\/\/periodicolarepublica.com\/wp-content\/uploads\/2026\/05\/IMG-20260501-WA1241-300x169.jpg?v=1777675942 300w, https:\/\/periodicolarepublica.com\/wp-content\/uploads\/2026\/05\/IMG-20260501-WA1241-1024x576.jpg?v=1777675942 1024w, https:\/\/periodicolarepublica.com\/wp-content\/uploads\/2026\/05\/IMG-20260501-WA1241-768x432.jpg?v=1777675942 768w, https:\/\/periodicolarepublica.com\/wp-content\/uploads\/2026\/05\/IMG-20260501-WA1241-150x84.jpg?v=1777675942 150w, https:\/\/periodicolarepublica.com\/wp-content\/uploads\/2026\/05\/IMG-20260501-WA1241-600x338.jpg?v=1777675942 600w, https:\/\/periodicolarepublica.com\/wp-content\/uploads\/2026\/05\/IMG-20260501-WA1241-696x392.jpg?v=1777675942 696w, https:\/\/periodicolarepublica.com\/wp-content\/uploads\/2026\/05\/IMG-20260501-WA1241-1068x601.jpg?v=1777675942 1068w, https:\/\/periodicolarepublica.com\/wp-content\/uploads\/2026\/05\/IMG-20260501-WA1241.jpg?v=1777675942 1280w\" sizes=\"auto, (max-width: 300px) 100vw, 300px\" \/><\/p>\n","protected":false},"excerpt":{"rendered":"<p>San Salvador, El Salvador. \u2014 La Lic. Felicia Contreras particip\u00f3 como conferencista internacional en El Salvador, donde imparti\u00f3 la charla magistral titulada \u201cMujeres que transforman: el poder de las buenas pr\u00e1cticas\u201d, destacando el rol fundamental de la mujer en la construcci\u00f3n de sociedades m\u00e1s justas, \u00e9ticas y sostenibles. &nbsp; Durante su intervenci\u00f3n, Contreras abord\u00f3 la [&hellip;]<\/p>\n","protected":false},"author":10,"featured_media":5867,"comment_status":"open","ping_status":"open","sticky":false,"template":"","format":"standard","meta":{"om_disable_all_campaigns":false,"_monsterinsights_skip_tracking":false,"_monsterinsights_sitenote_active":false,"_monsterinsights_sitenote_note":"","_monsterinsights_sitenote_category":0,"footnotes":""},"categories":[1],"tags":[523],"class_list":{"0":"post-5866","1":"post","2":"type-post","3":"status-publish","4":"format-standard","5":"has-post-thumbnail","7":"category-nacionales","8":"tag-felicia-contreras"},"aioseo_notices":[],"_links":{"self":[{"href":"https:\/\/periodicolarepublica.com\/index.php\/wp-json\/wp\/v2\/posts\/5866","targetHints":{"allow":["GET"]}}],"collection":[{"href":"https:\/\/periodicolarepublica.com\/index.php\/wp-json\/wp\/v2\/posts"}],"about":[{"href":"https:\/\/periodicolarepublica.com\/index.php\/wp-json\/wp\/v2\/types\/post"}],"author":[{"embeddable":true,"href":"https:\/\/periodicolarepublica.com\/index.php\/wp-json\/wp\/v2\/users\/10"}],"replies":[{"embeddable":true,"href":"https:\/\/periodicolarepublica.com\/index.php\/wp-json\/wp\/v2\/comments?post=5866"}],"version-history":[{"count":1,"href":"https:\/\/periodicolarepublica.com\/index.php\/wp-json\/wp\/v2\/posts\/5866\/revisions"}],"predecessor-version":[{"id":5868,"href":"https:\/\/periodicolarepublica.com\/index.php\/wp-json\/wp\/v2\/posts\/5866\/revisions\/5868"}],"wp:featuredmedia":[{"embeddable":true,"href":"https:\/\/periodicolarepublica.com\/index.php\/wp-json\/wp\/v2\/media\/5867"}],"wp:attachment":[{"href":"https:\/\/periodicolarepublica.com\/index.php\/wp-json\/wp\/v2\/media?parent=5866"}],"wp:term":[{"taxonomy":"category","embeddable":true,"href":"https:\/\/periodicolarepublica.com\/index.php\/wp-json\/wp\/v2\/categories?post=5866"},{"taxonomy":"post_tag","embeddable":true,"href":"https:\/\/periodicolarepublica.com\/index.php\/wp-json\/wp\/v2\/tags?post=5866"}],"curies":[{"name":"wp","href":"https:\/\/api.w.org\/{rel}","templated":true}]}}