{"id":589,"date":"2024-04-12T13:52:28","date_gmt":"2024-04-12T11:52:28","guid":{"rendered":"https:\/\/periodicolarepublica.com\/?p=589"},"modified":"2024-04-12T13:52:28","modified_gmt":"2024-04-12T11:52:28","slug":"el-ingeniero-tomas-hernandez-alberto-juramento-a-decenas-de-pld-y-fp-en-gaspar-hernandez","status":"publish","type":"post","link":"https:\/\/periodicolarepublica.com\/index.php\/2024\/04\/12\/el-ingeniero-tomas-hernandez-alberto-juramento-a-decenas-de-pld-y-fp-en-gaspar-hernandez\/","title":{"rendered":"El ingeniero Tom\u00e1s Hern\u00e1ndez Alberto jurament\u00f3 a decenas de PLD y FP en Gaspar Hern\u00e1ndez"},"content":{"rendered":"\r\n<p><img loading=\"lazy\" decoding=\"async\" class=\"size-medium wp-image-598 aligncenter\" src=\"https:\/\/periodicolarepublica.com\/wp-content\/uploads\/2024\/04\/20240412_074342-300x182.jpg\" alt=\"\" width=\"300\" height=\"182\" srcset=\"https:\/\/periodicolarepublica.com\/wp-content\/uploads\/2024\/04\/20240412_074342-300x182.jpg?v=1715379797 300w, https:\/\/periodicolarepublica.com\/wp-content\/uploads\/2024\/04\/20240412_074342-1024x621.jpg?v=1715379797 1024w, https:\/\/periodicolarepublica.com\/wp-content\/uploads\/2024\/04\/20240412_074342-768x466.jpg?v=1715379797 768w, https:\/\/periodicolarepublica.com\/wp-content\/uploads\/2024\/04\/20240412_074342-1536x931.jpg?v=1715379797 1536w, https:\/\/periodicolarepublica.com\/wp-content\/uploads\/2024\/04\/20240412_074342-2048x1241.jpg?v=1715379797 2048w, https:\/\/periodicolarepublica.com\/wp-content\/uploads\/2024\/04\/20240412_074342-150x91.jpg?v=1715379797 150w, https:\/\/periodicolarepublica.com\/wp-content\/uploads\/2024\/04\/20240412_074342-600x364.jpg?v=1715379797 600w, https:\/\/periodicolarepublica.com\/wp-content\/uploads\/2024\/04\/20240412_074342-696x422.jpg?v=1715379797 696w, https:\/\/periodicolarepublica.com\/wp-content\/uploads\/2024\/04\/20240412_074342-1392x844.jpg?v=1715379797 1392w, https:\/\/periodicolarepublica.com\/wp-content\/uploads\/2024\/04\/20240412_074342-1068x647.jpg?v=1715379797 1068w, https:\/\/periodicolarepublica.com\/wp-content\/uploads\/2024\/04\/20240412_074342-1920x1164.jpg?v=1715379797 1920w\" sizes=\"auto, (max-width: 300px) 100vw, 300px\" \/><br \/><br \/><br \/><br \/>El ingeniero Tom\u00e1s Hern\u00e1ndez Alberto, reconocido l\u00edder y presidente del Movimiento Poder PA&#8217;L Pueblo, llev\u00f3 a cabo una ceremonia de juramentaci\u00f3n en el Municipio Gaspar Hern\u00e1ndez, en la cual decenas de miembros del Partido de la Liberaci\u00f3n Dominicana (PLD) y del Partido Fuerza del Pueblo (FP) anunciaron su respaldo al presidente Luis Abinader. <br \/><br \/>El evento cont\u00f3 con la destacada presencia del Dr. Elido Alc\u00e1ntara, coordinador Nacional del Movimiento Poder PA&#8217;L Pueblo, as\u00ed como del Dr. Adolfo Portes Alc\u00e1ntara, Vicepresidente del movimiento, junto a otros miembros destacados de la organizaci\u00f3n. <br \/><br \/>Durante su discurso, el ingeniero Tom\u00e1s Hern\u00e1ndez Alberto resalt\u00f3 la importancia de la unidad y el compromiso con el desarrollo y bienestar del pa\u00eds. Expres\u00f3 su admiraci\u00f3n por el presidente Luis Abinader y destac\u00f3 los esfuerzos y avances realizados por su gobierno en beneficio de la ciudadan\u00eda dominicana. <br \/><br \/>El respaldo de los miembros del PLD y del FP al presidente Abinader es un claro reflejo del reconocimiento a su liderazgo y a las pol\u00edticas implementadas para promover el progreso y la transformaci\u00f3n en la Rep\u00fablica Dominicana. Este acto de uni\u00f3n representa un paso significativo hacia la consolidaci\u00f3n de un frente com\u00fan, en aras de impulsar el desarrollo sostenible del pa\u00eds y alcanzar metas comunes en beneficio de la poblaci\u00f3n. <br \/><br \/>El Movimiento Poder PA&#8217;L Pueblo reafirma su compromiso con la democracia, la justicia social y el fortalecimiento de las instituciones, y se suma a los esfuerzos del presidente Luis Abinader para continuar construyendo un futuro pr\u00f3spero y equitativo para todos los dominicanos.<\/p>\r\n","protected":false},"excerpt":{"rendered":"<p>El ingeniero Tom\u00e1s Hern\u00e1ndez Alberto, reconocido l\u00edder y presidente del Movimiento Poder PA&#8217;L Pueblo, llev\u00f3 a cabo una ceremonia de juramentaci\u00f3n en el Municipio Gaspar Hern\u00e1ndez, en la cual decenas de miembros del Partido de la Liberaci\u00f3n Dominicana (PLD) y del Partido Fuerza del Pueblo (FP) anunciaron su respaldo al presidente Luis Abinader. El evento [&hellip;]<\/p>\n","protected":false},"author":6,"featured_media":598,"comment_status":"open","ping_status":"open","sticky":false,"template":"","format":"standard","meta":{"om_disable_all_campaigns":false,"_monsterinsights_skip_tracking":false,"_monsterinsights_sitenote_active":false,"_monsterinsights_sitenote_note":"","_monsterinsights_sitenote_category":0,"footnotes":""},"categories":[1],"tags":[164,92,163],"class_list":{"0":"post-589","1":"post","2":"type-post","3":"status-publish","4":"format-standard","5":"has-post-thumbnail","7":"category-nacionales","8":"tag-movimiento-poder-pal-pueblo","9":"tag-prm","10":"tag-tomas-hernandez-alberto"},"aioseo_notices":[],"_links":{"self":[{"href":"https:\/\/periodicolarepublica.com\/index.php\/wp-json\/wp\/v2\/posts\/589","targetHints":{"allow":["GET"]}}],"collection":[{"href":"https:\/\/periodicolarepublica.com\/index.php\/wp-json\/wp\/v2\/posts"}],"about":[{"href":"https:\/\/periodicolarepublica.com\/index.php\/wp-json\/wp\/v2\/types\/post"}],"author":[{"embeddable":true,"href":"https:\/\/periodicolarepublica.com\/index.php\/wp-json\/wp\/v2\/users\/6"}],"replies":[{"embeddable":true,"href":"https:\/\/periodicolarepublica.com\/index.php\/wp-json\/wp\/v2\/comments?post=589"}],"version-history":[{"count":2,"href":"https:\/\/periodicolarepublica.com\/index.php\/wp-json\/wp\/v2\/posts\/589\/revisions"}],"predecessor-version":[{"id":599,"href":"https:\/\/periodicolarepublica.com\/index.php\/wp-json\/wp\/v2\/posts\/589\/revisions\/599"}],"wp:featuredmedia":[{"embeddable":true,"href":"https:\/\/periodicolarepublica.com\/index.php\/wp-json\/wp\/v2\/media\/598"}],"wp:attachment":[{"href":"https:\/\/periodicolarepublica.com\/index.php\/wp-json\/wp\/v2\/media?parent=589"}],"wp:term":[{"taxonomy":"category","embeddable":true,"href":"https:\/\/periodicolarepublica.com\/index.php\/wp-json\/wp\/v2\/categories?post=589"},{"taxonomy":"post_tag","embeddable":true,"href":"https:\/\/periodicolarepublica.com\/index.php\/wp-json\/wp\/v2\/tags?post=589"}],"curies":[{"name":"wp","href":"https:\/\/api.w.org\/{rel}","templated":true}]}}