{"id":597,"date":"2024-04-12T14:14:35","date_gmt":"2024-04-12T12:14:35","guid":{"rendered":"https:\/\/periodicolarepublica.com\/?p=597"},"modified":"2024-04-12T14:14:35","modified_gmt":"2024-04-12T12:14:35","slug":"exito-rotundo-en-la-jornada-nacional-contra-el-dengue-ciudadanos-respaldan-las-medidas-del-gobierno","status":"publish","type":"post","link":"https:\/\/periodicolarepublica.com\/index.php\/2024\/04\/12\/exito-rotundo-en-la-jornada-nacional-contra-el-dengue-ciudadanos-respaldan-las-medidas-del-gobierno\/","title":{"rendered":"\u00c9xito rotundo en la Jornada Nacional contra el Dengue: Ciudadanos respaldan las medidas del Gobierno"},"content":{"rendered":"\r\n<p><img loading=\"lazy\" decoding=\"async\" class=\"size-medium wp-image-534 aligncenter\" src=\"https:\/\/periodicolarepublica.com\/wp-content\/uploads\/2024\/03\/IMG-20240328-WA0167-300x204.jpg\" alt=\"\" width=\"300\" height=\"204\" srcset=\"https:\/\/periodicolarepublica.com\/wp-content\/uploads\/2024\/03\/IMG-20240328-WA0167-300x204.jpg?v=1715379802 300w, https:\/\/periodicolarepublica.com\/wp-content\/uploads\/2024\/03\/IMG-20240328-WA0167-150x102.jpg?v=1715379802 150w, https:\/\/periodicolarepublica.com\/wp-content\/uploads\/2024\/03\/IMG-20240328-WA0167-600x409.jpg?v=1715379802 600w, https:\/\/periodicolarepublica.com\/wp-content\/uploads\/2024\/03\/IMG-20240328-WA0167-696x474.jpg?v=1715379802 696w, https:\/\/periodicolarepublica.com\/wp-content\/uploads\/2024\/03\/IMG-20240328-WA0167.jpg?v=1715379802 718w\" sizes=\"auto, (max-width: 300px) 100vw, 300px\" \/>Santo Domingo-El Ministerio de Salud P\u00fablica celebra el amplio respaldo de los ciudadanos en la Jornada Nacional contra el Dengue, que se ha llevado a cabo en todo el pa\u00eds durante los \u00faltimos d\u00edas. El Ministro de Salud, el Dr. V\u00edctor Atallah, inform\u00f3 que gracias al apoyo de la poblaci\u00f3n y al liderazgo del Presidente Luis Abinader, esta jornada se perfila como una de las m\u00e1s exitosas en la lucha contra esta enfermedad. <br \/><br \/>Desde su lanzamiento, la Jornada Nacional contra el Dengue ha recibido una respuesta positiva y activa por parte de los ciudadanos dominicanos. La poblaci\u00f3n ha demostrado un alto grado de conciencia sobre la importancia de prevenir y controlar el dengue, y ha colaborado de manera entusiasta en las actividades propuestas. <br \/><br \/>El Ministro de Salud P\u00fablica, el Dr. V\u00edctor Atallah, expres\u00f3 su satisfacci\u00f3n ante la respuesta de la ciudadan\u00eda y destac\u00f3 el compromiso y la participaci\u00f3n de los dominicanos en la lucha contra esta enfermedad. \u00abLa solidaridad y el compromiso de la poblaci\u00f3n son fundamentales para combatir el dengue. Estamos agradecidos por el apoyo recibido hasta ahora y confiamos en que, con el esfuerzo conjunto, lograremos reducir significativamente los casos de dengue en nuestro pa\u00eds\u00bb, afirm\u00f3 el Dr. Atallah. <br \/><br \/>El Ministerio de Salud P\u00fablica ha implementado diversas estrategias para prevenir la propagaci\u00f3n del dengue, entre las que se incluyen la eliminaci\u00f3n de criaderos de mosquitos, campa\u00f1as de concienciaci\u00f3n y fumigaci\u00f3n en \u00e1reas de riesgo. Adem\u00e1s, se han fortalecido los servicios de atenci\u00f3n m\u00e9dica para garantizar una pronta detecci\u00f3n y tratamiento de los casos. <br \/><br \/>El Presidente Luis Abinader ha respaldado en\u00e9rgicamente esta iniciativa y ha reiterado su compromiso de trabajar en conjunto con el Ministerio de Salud P\u00fablica para proteger la salud de la poblaci\u00f3n dominicana. \u00abLa salud es una prioridad para nuestro gobierno y estamos comprometidos con la prevenci\u00f3n y control del dengue. Agradezco a los ciudadanos por su apoyo y los exhorto a seguir colaborando en esta importante jornada\u00bb, declar\u00f3 el Presidente Abinader. <br \/><br \/>La Jornada Nacional contra el Dengue continuar\u00e1 en todo el pa\u00eds, y se espera la participaci\u00f3n activa de los ciudadanos en las actividades programadas. El Ministerio de Salud P\u00fablica hace un llamado a la poblaci\u00f3n a mantener las medidas preventivas, tales como eliminar los posibles criaderos de mosquitos y protegerse de las picaduras. <br \/><br \/>Con el respaldo de los ciudadanos y el compromiso del Gobierno, se espera que esta Jornada Nacional contra el Dengue sea un hito en la lucha contra esta enfermedad en la Rep\u00fablica Dominicana.<\/p>\r\n","protected":false},"excerpt":{"rendered":"<p>Santo Domingo-El Ministerio de Salud P\u00fablica celebra el amplio respaldo de los ciudadanos en la Jornada Nacional contra el Dengue, que se ha llevado a cabo en todo el pa\u00eds durante los \u00faltimos d\u00edas. El Ministro de Salud, el Dr. V\u00edctor Atallah, inform\u00f3 que gracias al apoyo de la poblaci\u00f3n y al liderazgo del Presidente [&hellip;]<\/p>\n","protected":false},"author":6,"featured_media":534,"comment_status":"open","ping_status":"open","sticky":false,"template":"","format":"standard","meta":{"om_disable_all_campaigns":false,"_monsterinsights_skip_tracking":false,"_monsterinsights_sitenote_active":false,"_monsterinsights_sitenote_note":"","_monsterinsights_sitenote_category":0,"footnotes":""},"categories":[1],"tags":[159],"class_list":{"0":"post-597","1":"post","2":"type-post","3":"status-publish","4":"format-standard","5":"has-post-thumbnail","7":"category-nacionales","8":"tag-ministro-de-salud-publica-victor-atallah"},"aioseo_notices":[],"_links":{"self":[{"href":"https:\/\/periodicolarepublica.com\/index.php\/wp-json\/wp\/v2\/posts\/597","targetHints":{"allow":["GET"]}}],"collection":[{"href":"https:\/\/periodicolarepublica.com\/index.php\/wp-json\/wp\/v2\/posts"}],"about":[{"href":"https:\/\/periodicolarepublica.com\/index.php\/wp-json\/wp\/v2\/types\/post"}],"author":[{"embeddable":true,"href":"https:\/\/periodicolarepublica.com\/index.php\/wp-json\/wp\/v2\/users\/6"}],"replies":[{"embeddable":true,"href":"https:\/\/periodicolarepublica.com\/index.php\/wp-json\/wp\/v2\/comments?post=597"}],"version-history":[{"count":2,"href":"https:\/\/periodicolarepublica.com\/index.php\/wp-json\/wp\/v2\/posts\/597\/revisions"}],"predecessor-version":[{"id":602,"href":"https:\/\/periodicolarepublica.com\/index.php\/wp-json\/wp\/v2\/posts\/597\/revisions\/602"}],"wp:featuredmedia":[{"embeddable":true,"href":"https:\/\/periodicolarepublica.com\/index.php\/wp-json\/wp\/v2\/media\/534"}],"wp:attachment":[{"href":"https:\/\/periodicolarepublica.com\/index.php\/wp-json\/wp\/v2\/media?parent=597"}],"wp:term":[{"taxonomy":"category","embeddable":true,"href":"https:\/\/periodicolarepublica.com\/index.php\/wp-json\/wp\/v2\/categories?post=597"},{"taxonomy":"post_tag","embeddable":true,"href":"https:\/\/periodicolarepublica.com\/index.php\/wp-json\/wp\/v2\/tags?post=597"}],"curies":[{"name":"wp","href":"https:\/\/api.w.org\/{rel}","templated":true}]}}