{"id":601,"date":"2024-04-15T16:44:49","date_gmt":"2024-04-15T14:44:49","guid":{"rendered":"https:\/\/periodicolarepublica.com\/?p=601"},"modified":"2024-04-15T16:44:49","modified_gmt":"2024-04-15T14:44:49","slug":"el-ingeniero-tomas-hernandez-alberto-destaca-el-compromiso-del-presidente-luis-abinader-con-el-sector-agropecuario-dominicano","status":"publish","type":"post","link":"https:\/\/periodicolarepublica.com\/index.php\/2024\/04\/15\/el-ingeniero-tomas-hernandez-alberto-destaca-el-compromiso-del-presidente-luis-abinader-con-el-sector-agropecuario-dominicano\/","title":{"rendered":"El Ingeniero Tom\u00e1s Hern\u00e1ndez Alberto destaca el compromiso del presidente Luis Abinader con el sector agropecuario dominicano"},"content":{"rendered":"\r\n<p><img loading=\"lazy\" decoding=\"async\" class=\"size-medium wp-image-514 alignright\" src=\"https:\/\/periodicolarepublica.com\/wp-content\/uploads\/2024\/03\/IMG-20240202-WA0409-300x205.jpg\" alt=\"\" width=\"300\" height=\"205\" srcset=\"https:\/\/periodicolarepublica.com\/wp-content\/uploads\/2024\/03\/IMG-20240202-WA0409-300x205.jpg?v=1715379806 300w, https:\/\/periodicolarepublica.com\/wp-content\/uploads\/2024\/03\/IMG-20240202-WA0409-1024x698.jpg?v=1715379806 1024w, https:\/\/periodicolarepublica.com\/wp-content\/uploads\/2024\/03\/IMG-20240202-WA0409-768x524.jpg?v=1715379806 768w, https:\/\/periodicolarepublica.com\/wp-content\/uploads\/2024\/03\/IMG-20240202-WA0409-150x102.jpg?v=1715379806 150w, https:\/\/periodicolarepublica.com\/wp-content\/uploads\/2024\/03\/IMG-20240202-WA0409-218x150.jpg?v=1715379806 218w, https:\/\/periodicolarepublica.com\/wp-content\/uploads\/2024\/03\/IMG-20240202-WA0409-436x300.jpg?v=1715379806 436w, https:\/\/periodicolarepublica.com\/wp-content\/uploads\/2024\/03\/IMG-20240202-WA0409-600x409.jpg?v=1715379806 600w, https:\/\/periodicolarepublica.com\/wp-content\/uploads\/2024\/03\/IMG-20240202-WA0409-696x475.jpg?v=1715379806 696w, https:\/\/periodicolarepublica.com\/wp-content\/uploads\/2024\/03\/IMG-20240202-WA0409-1068x728.jpg?v=1715379806 1068w, https:\/\/periodicolarepublica.com\/wp-content\/uploads\/2024\/03\/IMG-20240202-WA0409.jpg?v=1715379806 1236w\" sizes=\"auto, (max-width: 300px) 100vw, 300px\" \/><br \/><br \/><br \/><br \/>Santo Domingo, Rep\u00fablica Dominicana: En el d\u00eda de ayer, durante el lanzamiento del sector agropecuario del Partido Revolucionario Moderno (PRM), el reconocido ingeniero agr\u00f3nomo Tom\u00e1s Hern\u00e1ndez Alberto expres\u00f3 su admiraci\u00f3n y reconocimiento al presidente Luis Abinader por su compromiso y dedicaci\u00f3n hacia el desarrollo del campo dominicano. <br \/><br \/>El ingeniero Hern\u00e1ndez Alberto afirm\u00f3 que el presidente Abinader ha demostrado un liderazgo sin precedentes en la implementaci\u00f3n de pol\u00edticas y programas que han fortalecido y promovido el crecimiento del sector agropecuario en la Rep\u00fablica Dominicana. Seg\u00fan sus palabras, \u00abel campo dominicano est\u00e1 en las mejores manos con el presidente Abinader, y ning\u00fan otro mandatario ha hecho tanto por el campo como \u00e9l\u00bb. <br \/><br \/>Durante su discurso, el ingeniero Hern\u00e1ndez Alberto resalt\u00f3 algunos logros significativos del gobierno actual en el sector agropecuario, entre ellos: <br \/><br \/>1. Incremento de la inversi\u00f3n en infraestructuras rurales, como la construcci\u00f3n y rehabilitaci\u00f3n de caminos vecinales, sistemas de riego y centros de acopio.<br \/>2. Implementaci\u00f3n de programas de capacitaci\u00f3n y asistencia t\u00e9cnica para los agricultores, con el objetivo de mejorar las pr\u00e1cticas agr\u00edcolas y aumentar la productividad.<br \/>3. Apoyo financiero y acceso a cr\u00e9ditos para los agricultores, facilitando el acceso a recursos necesarios para la adquisici\u00f3n de insumos y maquinarias.<br \/>4. Promoci\u00f3n de la agroindustria y la diversificaci\u00f3n de la producci\u00f3n agr\u00edcola, fomentando la exportaci\u00f3n y generando nuevas oportunidades de empleo en las zonas rurales. <br \/><br \/>El ingeniero Hern\u00e1ndez Alberto concluy\u00f3 su intervenci\u00f3n expresando su confianza en que el presidente Abinader continuar\u00e1 impulsando el desarrollo del sector agropecuario dominicano, destacando su compromiso con la mejora de las condiciones de vida de los agricultores y el crecimiento sostenible de la econom\u00eda del pa\u00eds.<\/p>\r\n","protected":false},"excerpt":{"rendered":"<p>Santo Domingo, Rep\u00fablica Dominicana: En el d\u00eda de ayer, durante el lanzamiento del sector agropecuario del Partido Revolucionario Moderno (PRM), el reconocido ingeniero agr\u00f3nomo Tom\u00e1s Hern\u00e1ndez Alberto expres\u00f3 su admiraci\u00f3n y reconocimiento al presidente Luis Abinader por su compromiso y dedicaci\u00f3n hacia el desarrollo del campo dominicano. El ingeniero Hern\u00e1ndez Alberto afirm\u00f3 que el presidente [&hellip;]<\/p>\n","protected":false},"author":6,"featured_media":514,"comment_status":"open","ping_status":"open","sticky":false,"template":"","format":"standard","meta":{"om_disable_all_campaigns":false,"_monsterinsights_skip_tracking":false,"_monsterinsights_sitenote_active":false,"_monsterinsights_sitenote_note":"","_monsterinsights_sitenote_category":0,"footnotes":""},"categories":[1],"tags":[85,164,92,163],"class_list":{"0":"post-601","1":"post","2":"type-post","3":"status-publish","4":"format-standard","5":"has-post-thumbnail","7":"category-nacionales","8":"tag-luis-abinader","9":"tag-movimiento-poder-pal-pueblo","10":"tag-prm","11":"tag-tomas-hernandez-alberto"},"aioseo_notices":[],"_links":{"self":[{"href":"https:\/\/periodicolarepublica.com\/index.php\/wp-json\/wp\/v2\/posts\/601","targetHints":{"allow":["GET"]}}],"collection":[{"href":"https:\/\/periodicolarepublica.com\/index.php\/wp-json\/wp\/v2\/posts"}],"about":[{"href":"https:\/\/periodicolarepublica.com\/index.php\/wp-json\/wp\/v2\/types\/post"}],"author":[{"embeddable":true,"href":"https:\/\/periodicolarepublica.com\/index.php\/wp-json\/wp\/v2\/users\/6"}],"replies":[{"embeddable":true,"href":"https:\/\/periodicolarepublica.com\/index.php\/wp-json\/wp\/v2\/comments?post=601"}],"version-history":[{"count":2,"href":"https:\/\/periodicolarepublica.com\/index.php\/wp-json\/wp\/v2\/posts\/601\/revisions"}],"predecessor-version":[{"id":605,"href":"https:\/\/periodicolarepublica.com\/index.php\/wp-json\/wp\/v2\/posts\/601\/revisions\/605"}],"wp:featuredmedia":[{"embeddable":true,"href":"https:\/\/periodicolarepublica.com\/index.php\/wp-json\/wp\/v2\/media\/514"}],"wp:attachment":[{"href":"https:\/\/periodicolarepublica.com\/index.php\/wp-json\/wp\/v2\/media?parent=601"}],"wp:term":[{"taxonomy":"category","embeddable":true,"href":"https:\/\/periodicolarepublica.com\/index.php\/wp-json\/wp\/v2\/categories?post=601"},{"taxonomy":"post_tag","embeddable":true,"href":"https:\/\/periodicolarepublica.com\/index.php\/wp-json\/wp\/v2\/tags?post=601"}],"curies":[{"name":"wp","href":"https:\/\/api.w.org\/{rel}","templated":true}]}}