{"id":604,"date":"2024-04-16T18:29:43","date_gmt":"2024-04-16T16:29:43","guid":{"rendered":"https:\/\/periodicolarepublica.com\/?p=604"},"modified":"2024-04-16T18:29:43","modified_gmt":"2024-04-16T16:29:43","slug":"el-ministro-de-salud-dr-victor-atallah-felicita-a-todos-los-cardiologos","status":"publish","type":"post","link":"https:\/\/periodicolarepublica.com\/index.php\/2024\/04\/16\/el-ministro-de-salud-dr-victor-atallah-felicita-a-todos-los-cardiologos\/","title":{"rendered":"El Ministro de Salud, Dr. V\u00edctor Atallah, felicita a todos los cardi\u00f3logos"},"content":{"rendered":"\r\n<p><img loading=\"lazy\" decoding=\"async\" class=\"size-medium wp-image-612 alignright\" src=\"https:\/\/periodicolarepublica.com\/wp-content\/uploads\/2024\/04\/20240416_122716-300x211.jpg\" alt=\"\" width=\"300\" height=\"211\" srcset=\"https:\/\/periodicolarepublica.com\/wp-content\/uploads\/2024\/04\/20240416_122716-300x211.jpg?v=1715379797 300w, https:\/\/periodicolarepublica.com\/wp-content\/uploads\/2024\/04\/20240416_122716-768x540.jpg?v=1715379797 768w, https:\/\/periodicolarepublica.com\/wp-content\/uploads\/2024\/04\/20240416_122716-150x106.jpg?v=1715379797 150w, https:\/\/periodicolarepublica.com\/wp-content\/uploads\/2024\/04\/20240416_122716-600x422.jpg?v=1715379797 600w, https:\/\/periodicolarepublica.com\/wp-content\/uploads\/2024\/04\/20240416_122716-696x490.jpg?v=1715379797 696w, https:\/\/periodicolarepublica.com\/wp-content\/uploads\/2024\/04\/20240416_122716-100x70.jpg?v=1715379797 100w, https:\/\/periodicolarepublica.com\/wp-content\/uploads\/2024\/04\/20240416_122716-200x140.jpg?v=1715379797 200w, https:\/\/periodicolarepublica.com\/wp-content\/uploads\/2024\/04\/20240416_122716.jpg?v=1715379797 783w\" sizes=\"auto, (max-width: 300px) 100vw, 300px\" \/><br \/><br \/><br \/><br \/>El Ministro de Salud, Dr. V\u00edctor Atallah, se complace en felicitar a todos los distinguidos cardi\u00f3logos en el marco de la celebraci\u00f3n de su d\u00eda, reconociendo su dedicaci\u00f3n, experiencia y contribuciones invaluables al campo de la medicina cardiovascular. <br \/><br \/>El D\u00eda del Cardi\u00f3logo, que se celebra el [16 de Abril de cada a\u00f1o, es una ocasi\u00f3n especial para honrar el arduo trabajo y el compromiso incansable de estos profesionales de la salud, quienes desempe\u00f1an un papel fundamental en la prevenci\u00f3n, diagn\u00f3stico y tratamiento de enfermedades card\u00edacas. <br \/><br \/>El Dr. Atallah destaca la importancia de la labor de los cardi\u00f3logos en la promoci\u00f3n de la salud cardiovascular y la mejora de la calidad de vida de las personas. Su experiencia y habilidades cl\u00ednicas permiten abordar de manera efectiva una amplia gama de condiciones card\u00edacas, desde enfermedades coronarias hasta insuficiencia card\u00edaca, pasando por trastornos del ritmo card\u00edaco y enfermedades cong\u00e9nitas, entre otras. <br \/><br \/>El Ministro de Salud reconoce el esfuerzo constante de los cardi\u00f3logos, quienes se mantienen actualizados en los avances m\u00e9dicos y tecnol\u00f3gicos m\u00e1s recientes para ofrecer la mejor atenci\u00f3n a sus pacientes. Adem\u00e1s, el Dr. Atallah destaca su compromiso con la educaci\u00f3n y la formaci\u00f3n continua, lo que garantiza un alto nivel de competencia y profesionalismo en el campo de la cardiolog\u00eda. <br \/><br \/>En su mensaje, el Dr. Atallah expresa su m\u00e1s profundo agradecimiento a todos los cardi\u00f3logos del pa\u00eds, tanto del sector p\u00fablico como privado, por su dedicaci\u00f3n y entrega. Reconoce el impacto positivo que han tenido en la salud cardiovascular de la poblaci\u00f3n, salvando vidas y brindando esperanza a aquellos que enfrentan enfermedades card\u00edacas.<\/p>\r\n","protected":false},"excerpt":{"rendered":"<p>El Ministro de Salud, Dr. V\u00edctor Atallah, se complace en felicitar a todos los distinguidos cardi\u00f3logos en el marco de la celebraci\u00f3n de su d\u00eda, reconociendo su dedicaci\u00f3n, experiencia y contribuciones invaluables al campo de la medicina cardiovascular. El D\u00eda del Cardi\u00f3logo, que se celebra el [16 de Abril de cada a\u00f1o, es una ocasi\u00f3n [&hellip;]<\/p>\n","protected":false},"author":6,"featured_media":612,"comment_status":"open","ping_status":"open","sticky":false,"template":"","format":"standard","meta":{"om_disable_all_campaigns":false,"_monsterinsights_skip_tracking":false,"_monsterinsights_sitenote_active":false,"_monsterinsights_sitenote_note":"","_monsterinsights_sitenote_category":0,"footnotes":""},"categories":[1],"tags":[159],"class_list":{"0":"post-604","1":"post","2":"type-post","3":"status-publish","4":"format-standard","5":"has-post-thumbnail","7":"category-nacionales","8":"tag-ministro-de-salud-publica-victor-atallah"},"aioseo_notices":[],"_links":{"self":[{"href":"https:\/\/periodicolarepublica.com\/index.php\/wp-json\/wp\/v2\/posts\/604","targetHints":{"allow":["GET"]}}],"collection":[{"href":"https:\/\/periodicolarepublica.com\/index.php\/wp-json\/wp\/v2\/posts"}],"about":[{"href":"https:\/\/periodicolarepublica.com\/index.php\/wp-json\/wp\/v2\/types\/post"}],"author":[{"embeddable":true,"href":"https:\/\/periodicolarepublica.com\/index.php\/wp-json\/wp\/v2\/users\/6"}],"replies":[{"embeddable":true,"href":"https:\/\/periodicolarepublica.com\/index.php\/wp-json\/wp\/v2\/comments?post=604"}],"version-history":[{"count":2,"href":"https:\/\/periodicolarepublica.com\/index.php\/wp-json\/wp\/v2\/posts\/604\/revisions"}],"predecessor-version":[{"id":613,"href":"https:\/\/periodicolarepublica.com\/index.php\/wp-json\/wp\/v2\/posts\/604\/revisions\/613"}],"wp:featuredmedia":[{"embeddable":true,"href":"https:\/\/periodicolarepublica.com\/index.php\/wp-json\/wp\/v2\/media\/612"}],"wp:attachment":[{"href":"https:\/\/periodicolarepublica.com\/index.php\/wp-json\/wp\/v2\/media?parent=604"}],"wp:term":[{"taxonomy":"category","embeddable":true,"href":"https:\/\/periodicolarepublica.com\/index.php\/wp-json\/wp\/v2\/categories?post=604"},{"taxonomy":"post_tag","embeddable":true,"href":"https:\/\/periodicolarepublica.com\/index.php\/wp-json\/wp\/v2\/tags?post=604"}],"curies":[{"name":"wp","href":"https:\/\/api.w.org\/{rel}","templated":true}]}}