{"id":606,"date":"2024-04-15T20:51:44","date_gmt":"2024-04-15T18:51:44","guid":{"rendered":"https:\/\/periodicolarepublica.com\/?p=606"},"modified":"2024-04-15T20:51:44","modified_gmt":"2024-04-15T18:51:44","slug":"ola-sector-externo-de-luis-abinader-sigue-sumando-militantes","status":"publish","type":"post","link":"https:\/\/periodicolarepublica.com\/index.php\/2024\/04\/15\/ola-sector-externo-de-luis-abinader-sigue-sumando-militantes\/","title":{"rendered":"OLA sector externo de Luis Abinader sigue sumando militantes"},"content":{"rendered":"<p>&nbsp;<\/p>\n<p style=\"padding-left: 40px;\"><img loading=\"lazy\" decoding=\"async\" class=\"alignnone size-medium wp-image-607 alignleft\" src=\"https:\/\/periodicolarepublica.com\/wp-content\/uploads\/2024\/04\/IMG-20240415-WA00041-300x169.jpg\" alt=\"\" width=\"300\" height=\"169\" srcset=\"https:\/\/periodicolarepublica.com\/wp-content\/uploads\/2024\/04\/IMG-20240415-WA00041-300x169.jpg?v=1715379797 300w, https:\/\/periodicolarepublica.com\/wp-content\/uploads\/2024\/04\/IMG-20240415-WA00041-1024x576.jpg?v=1715379797 1024w, https:\/\/periodicolarepublica.com\/wp-content\/uploads\/2024\/04\/IMG-20240415-WA00041-768x432.jpg?v=1715379797 768w, https:\/\/periodicolarepublica.com\/wp-content\/uploads\/2024\/04\/IMG-20240415-WA00041-150x84.jpg?v=1715379797 150w, https:\/\/periodicolarepublica.com\/wp-content\/uploads\/2024\/04\/IMG-20240415-WA00041-600x338.jpg?v=1715379797 600w, https:\/\/periodicolarepublica.com\/wp-content\/uploads\/2024\/04\/IMG-20240415-WA00041-696x392.jpg?v=1715379797 696w, https:\/\/periodicolarepublica.com\/wp-content\/uploads\/2024\/04\/IMG-20240415-WA00041-1068x601.jpg?v=1715379797 1068w, https:\/\/periodicolarepublica.com\/wp-content\/uploads\/2024\/04\/IMG-20240415-WA00041.jpg?v=1715379797 1280w\" sizes=\"auto, (max-width: 300px) 100vw, 300px\" \/><\/p>\n<p>Ola sector externo de Luis Abinader sigue sumando militantes, este s\u00e1bado se realiz\u00f3 la juramentaci\u00f3n de nuevos miembros en la provincia Puerto Plata encabezada por el coordinador nacional de organizaci\u00f3n Lic. Alex Ramirez junto a las principales figuras pol\u00edticas de esa demarcaci\u00f3n.<\/p>\n<p>La bienvenida estuvo a cargo de Juan Abbott, director municipal de Puerto Plata. La actividad cont\u00f3 con la presencia de la senadora Ginette Bournigal reconociendo el esfuerzo, dedicaci\u00f3n y trabajo del Dr. Hazim en Ola sector externo. Uno de los mejores colaboradores para el presidente Luis Abinader, aseguro la senadora.<\/p>\n<p>La Gobernadora Claritza Rochtte dijo presente con motivadoras palabras para sus compueblanos y nuevos militantes en esta plataforma a favor del presidente Luis Abinader, reconociendo el trabajo que han venido haciendo las nuevas figuras que hoy son parte de Ola. Tambi\u00e9n asistieron la Coordinadora de la Mujer en Puerto Plata Luz Yanira V\u00e1squez y Robelki Batista coordinadora de la juventud.<\/p>\n<p>Los nuevos integrantes de la estructura fueron juramentados por el Lic. Alex Ram\u00edrez, coordinador nacional de organizaci\u00f3n de Ola Sector Externo, motivando a dar lo mejor de ellos como servidores comprometidos para seguir trabajado los pr\u00f3ximos 4 a\u00f1os a favor de la ciudadan\u00eda.<\/p>\n<p>**Nota de prensa compartida a este medio, para su publicaci\u00f3n**<\/p>\n","protected":false},"excerpt":{"rendered":"<p>&nbsp; Ola sector externo de Luis Abinader sigue sumando militantes, este s\u00e1bado se realiz\u00f3 la juramentaci\u00f3n de nuevos miembros en la provincia Puerto Plata encabezada por el coordinador nacional de organizaci\u00f3n Lic. Alex Ramirez junto a las principales figuras pol\u00edticas de esa demarcaci\u00f3n. La bienvenida estuvo a cargo de Juan Abbott, director municipal de Puerto [&hellip;]<\/p>\n","protected":false},"author":1,"featured_media":607,"comment_status":"open","ping_status":"open","sticky":false,"template":"","format":"standard","meta":{"om_disable_all_campaigns":false,"_monsterinsights_skip_tracking":false,"_monsterinsights_sitenote_active":false,"_monsterinsights_sitenote_note":"","_monsterinsights_sitenote_category":0,"footnotes":""},"categories":[127],"tags":[],"class_list":{"0":"post-606","1":"post","2":"type-post","3":"status-publish","4":"format-standard","5":"has-post-thumbnail","7":"category-politica"},"aioseo_notices":[],"_links":{"self":[{"href":"https:\/\/periodicolarepublica.com\/index.php\/wp-json\/wp\/v2\/posts\/606","targetHints":{"allow":["GET"]}}],"collection":[{"href":"https:\/\/periodicolarepublica.com\/index.php\/wp-json\/wp\/v2\/posts"}],"about":[{"href":"https:\/\/periodicolarepublica.com\/index.php\/wp-json\/wp\/v2\/types\/post"}],"author":[{"embeddable":true,"href":"https:\/\/periodicolarepublica.com\/index.php\/wp-json\/wp\/v2\/users\/1"}],"replies":[{"embeddable":true,"href":"https:\/\/periodicolarepublica.com\/index.php\/wp-json\/wp\/v2\/comments?post=606"}],"version-history":[{"count":1,"href":"https:\/\/periodicolarepublica.com\/index.php\/wp-json\/wp\/v2\/posts\/606\/revisions"}],"predecessor-version":[{"id":608,"href":"https:\/\/periodicolarepublica.com\/index.php\/wp-json\/wp\/v2\/posts\/606\/revisions\/608"}],"wp:featuredmedia":[{"embeddable":true,"href":"https:\/\/periodicolarepublica.com\/index.php\/wp-json\/wp\/v2\/media\/607"}],"wp:attachment":[{"href":"https:\/\/periodicolarepublica.com\/index.php\/wp-json\/wp\/v2\/media?parent=606"}],"wp:term":[{"taxonomy":"category","embeddable":true,"href":"https:\/\/periodicolarepublica.com\/index.php\/wp-json\/wp\/v2\/categories?post=606"},{"taxonomy":"post_tag","embeddable":true,"href":"https:\/\/periodicolarepublica.com\/index.php\/wp-json\/wp\/v2\/tags?post=606"}],"curies":[{"name":"wp","href":"https:\/\/api.w.org\/{rel}","templated":true}]}}