{"id":619,"date":"2024-04-18T19:27:51","date_gmt":"2024-04-18T17:27:51","guid":{"rendered":"https:\/\/periodicolarepublica.com\/?p=619"},"modified":"2024-04-18T19:27:51","modified_gmt":"2024-04-18T17:27:51","slug":"el-ministro-de-salud-publica-victor-atallah-participo-en-el-lanzamiento-de-la-actualizacion-del-cuadro-basico-de-medicamentos-esenciales-2024","status":"publish","type":"post","link":"https:\/\/periodicolarepublica.com\/index.php\/2024\/04\/18\/el-ministro-de-salud-publica-victor-atallah-participo-en-el-lanzamiento-de-la-actualizacion-del-cuadro-basico-de-medicamentos-esenciales-2024\/","title":{"rendered":"El Ministro de Salud p\u00fablica, V\u00edctor Atallah, particip\u00f3 en el Lanzamiento de la actualizaci\u00f3n del Cuadro B\u00e1sico de Medicamentos Esenciales 2024"},"content":{"rendered":"\r\n<p><img loading=\"lazy\" decoding=\"async\" class=\"size-medium wp-image-631 alignright\" src=\"https:\/\/periodicolarepublica.com\/wp-content\/uploads\/2024\/04\/IMG-20240418-WA0618-300x163.jpg\" alt=\"\" width=\"300\" height=\"163\" srcset=\"https:\/\/periodicolarepublica.com\/wp-content\/uploads\/2024\/04\/IMG-20240418-WA0618-300x163.jpg?v=1715379795 300w, https:\/\/periodicolarepublica.com\/wp-content\/uploads\/2024\/04\/IMG-20240418-WA0618-1024x558.jpg?v=1715379795 1024w, https:\/\/periodicolarepublica.com\/wp-content\/uploads\/2024\/04\/IMG-20240418-WA0618-768x418.jpg?v=1715379795 768w, https:\/\/periodicolarepublica.com\/wp-content\/uploads\/2024\/04\/IMG-20240418-WA0618-150x82.jpg?v=1715379795 150w, https:\/\/periodicolarepublica.com\/wp-content\/uploads\/2024\/04\/IMG-20240418-WA0618-600x327.jpg?v=1715379795 600w, https:\/\/periodicolarepublica.com\/wp-content\/uploads\/2024\/04\/IMG-20240418-WA0618-696x379.jpg?v=1715379795 696w, https:\/\/periodicolarepublica.com\/wp-content\/uploads\/2024\/04\/IMG-20240418-WA0618-1068x581.jpg?v=1715379795 1068w, https:\/\/periodicolarepublica.com\/wp-content\/uploads\/2024\/04\/IMG-20240418-WA0618.jpg?v=1715379795 1080w\" sizes=\"auto, (max-width: 300px) 100vw, 300px\" \/>Santo Domingo, Rep\u00fablica Dominicana: El d\u00eda de hoy, el Ministro de Salud de la Rep\u00fablica Dominicana, V\u00edctor Atallah, se uni\u00f3 a destacados representantes de la comunidad m\u00e9dica y farmac\u00e9utica en el lanzamiento oficial de la actualizaci\u00f3n del Cuadro B\u00e1sico de Medicamentos Esenciales para el a\u00f1o 2024. <br \/><br \/>El evento, celebrado en el Centro de Convenciones de Santo Domingo, reuni\u00f3 a expertos en salud, funcionarios gubernamentales y representantes de organizaciones internacionales para discutir y presentar las \u00faltimas actualizaciones en cuanto a los medicamentos esenciales que se utilizar\u00e1n en el sistema de salud del pa\u00eds. <br \/><br \/>La actualizaci\u00f3n del Cuadro B\u00e1sico de Medicamentos Esenciales es un proceso continuo que tiene como objetivo garantizar el acceso equitativo a los medicamentos necesarios para el tratamiento de enfermedades prioritarias. Esta revisi\u00f3n peri\u00f3dica se lleva a cabo con el fin de adaptarse a las necesidades cambiantes de la poblaci\u00f3n y a los avances m\u00e9dicos y cient\u00edficos. <br \/><br \/>Durante su discurso, el Ministro V\u00edctor Atallah destac\u00f3 la importancia de contar con un cuadro b\u00e1sico actualizado y completo para garantizar la atenci\u00f3n m\u00e9dica de calidad a todos los ciudadanos dominicanos. Se\u00f1al\u00f3 que esta actualizaci\u00f3n se ha llevado a cabo con la participaci\u00f3n de expertos en salud y se ha basado en evidencia cient\u00edfica s\u00f3lida. <br \/><br \/>Asimismo, el Ministro Atallah expres\u00f3 su agradecimiento a todos los profesionales de la salud y a los funcionarios involucrados en el proceso de actualizaci\u00f3n, reconociendo su arduo trabajo y dedicaci\u00f3n para mejorar constantemente la calidad de la atenci\u00f3n m\u00e9dica en el pa\u00eds. <br \/><br \/>El Cuadro B\u00e1sico de Medicamentos Esenciales 2024 incluye una amplia gama de f\u00e1rmacos, abarcando desde medicamentos para el tratamiento de enfermedades cr\u00f3nicas hasta aquellos utilizados en emergencias y cuidados intensivos. Esta actualizaci\u00f3n tiene como objetivo optimizar los recursos disponibles y asegurar que los medicamentos esenciales est\u00e9n disponibles en todos los centros de salud del pa\u00eds. <br \/><br \/>El Ministerio de Salud se compromete a garantizar la disponibilidad y accesibilidad de los medicamentos esenciales en todo el territorio dominicano, en l\u00ednea con los objetivos de salud p\u00fablica y el bienestar de la poblaci\u00f3n.<\/p>\r\n","protected":false},"excerpt":{"rendered":"<p>Santo Domingo, Rep\u00fablica Dominicana: El d\u00eda de hoy, el Ministro de Salud de la Rep\u00fablica Dominicana, V\u00edctor Atallah, se uni\u00f3 a destacados representantes de la comunidad m\u00e9dica y farmac\u00e9utica en el lanzamiento oficial de la actualizaci\u00f3n del Cuadro B\u00e1sico de Medicamentos Esenciales para el a\u00f1o 2024. El evento, celebrado en el Centro de Convenciones de [&hellip;]<\/p>\n","protected":false},"author":6,"featured_media":631,"comment_status":"open","ping_status":"open","sticky":false,"template":"","format":"standard","meta":{"om_disable_all_campaigns":false,"_monsterinsights_skip_tracking":false,"_monsterinsights_sitenote_active":false,"_monsterinsights_sitenote_note":"","_monsterinsights_sitenote_category":0,"footnotes":""},"categories":[1],"tags":[159],"class_list":{"0":"post-619","1":"post","2":"type-post","3":"status-publish","4":"format-standard","5":"has-post-thumbnail","7":"category-nacionales","8":"tag-ministro-de-salud-publica-victor-atallah"},"aioseo_notices":[],"_links":{"self":[{"href":"https:\/\/periodicolarepublica.com\/index.php\/wp-json\/wp\/v2\/posts\/619","targetHints":{"allow":["GET"]}}],"collection":[{"href":"https:\/\/periodicolarepublica.com\/index.php\/wp-json\/wp\/v2\/posts"}],"about":[{"href":"https:\/\/periodicolarepublica.com\/index.php\/wp-json\/wp\/v2\/types\/post"}],"author":[{"embeddable":true,"href":"https:\/\/periodicolarepublica.com\/index.php\/wp-json\/wp\/v2\/users\/6"}],"replies":[{"embeddable":true,"href":"https:\/\/periodicolarepublica.com\/index.php\/wp-json\/wp\/v2\/comments?post=619"}],"version-history":[{"count":2,"href":"https:\/\/periodicolarepublica.com\/index.php\/wp-json\/wp\/v2\/posts\/619\/revisions"}],"predecessor-version":[{"id":632,"href":"https:\/\/periodicolarepublica.com\/index.php\/wp-json\/wp\/v2\/posts\/619\/revisions\/632"}],"wp:featuredmedia":[{"embeddable":true,"href":"https:\/\/periodicolarepublica.com\/index.php\/wp-json\/wp\/v2\/media\/631"}],"wp:attachment":[{"href":"https:\/\/periodicolarepublica.com\/index.php\/wp-json\/wp\/v2\/media?parent=619"}],"wp:term":[{"taxonomy":"category","embeddable":true,"href":"https:\/\/periodicolarepublica.com\/index.php\/wp-json\/wp\/v2\/categories?post=619"},{"taxonomy":"post_tag","embeddable":true,"href":"https:\/\/periodicolarepublica.com\/index.php\/wp-json\/wp\/v2\/tags?post=619"}],"curies":[{"name":"wp","href":"https:\/\/api.w.org\/{rel}","templated":true}]}}