{"id":622,"date":"2024-04-18T04:41:10","date_gmt":"2024-04-18T02:41:10","guid":{"rendered":"https:\/\/periodicolarepublica.com\/?p=622"},"modified":"2024-04-18T04:43:03","modified_gmt":"2024-04-18T02:43:03","slug":"presentan-documental-aqui-estamos-un-desafio-politico-y-social","status":"publish","type":"post","link":"https:\/\/periodicolarepublica.com\/index.php\/2024\/04\/18\/presentan-documental-aqui-estamos-un-desafio-politico-y-social\/","title":{"rendered":"Presentan documental \u00abAqui Estamos\u00bb un desafio pol\u00edtico y social"},"content":{"rendered":"<p><img loading=\"lazy\" decoding=\"async\" class=\"alignnone size-medium wp-image-624 alignright\" src=\"https:\/\/periodicolarepublica.com\/wp-content\/uploads\/2024\/04\/Picsart_24-04-17_22-39-27-804-300x198.jpg\" alt=\"\" width=\"300\" height=\"198\" srcset=\"https:\/\/periodicolarepublica.com\/wp-content\/uploads\/2024\/04\/Picsart_24-04-17_22-39-27-804-300x198.jpg?v=1715379796 300w, https:\/\/periodicolarepublica.com\/wp-content\/uploads\/2024\/04\/Picsart_24-04-17_22-39-27-804-1024x677.jpg?v=1715379796 1024w, https:\/\/periodicolarepublica.com\/wp-content\/uploads\/2024\/04\/Picsart_24-04-17_22-39-27-804-768x508.jpg?v=1715379796 768w, https:\/\/periodicolarepublica.com\/wp-content\/uploads\/2024\/04\/Picsart_24-04-17_22-39-27-804-1536x1016.jpg?v=1715379796 1536w, https:\/\/periodicolarepublica.com\/wp-content\/uploads\/2024\/04\/Picsart_24-04-17_22-39-27-804-2048x1355.jpg?v=1715379796 2048w, https:\/\/periodicolarepublica.com\/wp-content\/uploads\/2024\/04\/Picsart_24-04-17_22-39-27-804-150x99.jpg?v=1715379796 150w, https:\/\/periodicolarepublica.com\/wp-content\/uploads\/2024\/04\/Picsart_24-04-17_22-39-27-804-600x397.jpg?v=1715379796 600w, https:\/\/periodicolarepublica.com\/wp-content\/uploads\/2024\/04\/Picsart_24-04-17_22-39-27-804-696x460.jpg?v=1715379796 696w, https:\/\/periodicolarepublica.com\/wp-content\/uploads\/2024\/04\/Picsart_24-04-17_22-39-27-804-1392x921.jpg?v=1715379796 1392w, https:\/\/periodicolarepublica.com\/wp-content\/uploads\/2024\/04\/Picsart_24-04-17_22-39-27-804-1068x706.jpg?v=1715379796 1068w, https:\/\/periodicolarepublica.com\/wp-content\/uploads\/2024\/04\/Picsart_24-04-17_22-39-27-804-1920x1270.jpg?v=1715379796 1920w\" sizes=\"auto, (max-width: 300px) 100vw, 300px\" \/><\/p>\n<p>Minerva Producciones, una productora cinematogr\u00e1fica comprometida con la perspectiva de g\u00e9nero y el cambio social, anunci\u00f3 su proyecto m\u00e1s reciente: \u00abAqu\u00ed Estamos\u00bb. Este meticuloso documental se sumerge en el contexto pol\u00edtico y social del 2020 y los movimientos sociales dominicanos de las a complejidad de la participaci\u00f3n ciudadana y el activismo en un contexto pol\u00edtico y social en constante evoluci\u00f3n.<\/p>\n<p>La premisa principal del documental se centra en la dificultad de trasladar las demandas de los movimientos sociales a las agendas pol\u00edticas establecidas.<\/p>\n<p>El documental cuenta con m\u00fasica original de Poror\u00f3 y la participaci\u00f3n de destacadas figuras del activismo, la pol\u00edtica y los medios de comunicaci\u00f3n dominicanos.<\/p>\n","protected":false},"excerpt":{"rendered":"<p>Minerva Producciones, una productora cinematogr\u00e1fica comprometida con la perspectiva de g\u00e9nero y el cambio social, anunci\u00f3 su proyecto m\u00e1s reciente: \u00abAqu\u00ed Estamos\u00bb. Este meticuloso documental se sumerge en el contexto pol\u00edtico y social del 2020 y los movimientos sociales dominicanos de las a complejidad de la participaci\u00f3n ciudadana y el activismo en un contexto pol\u00edtico [&hellip;]<\/p>\n","protected":false},"author":6,"featured_media":624,"comment_status":"open","ping_status":"open","sticky":false,"template":"","format":"standard","meta":{"om_disable_all_campaigns":false,"_monsterinsights_skip_tracking":false,"_monsterinsights_sitenote_active":false,"_monsterinsights_sitenote_note":"","_monsterinsights_sitenote_category":0,"footnotes":""},"categories":[165],"tags":[],"class_list":{"0":"post-622","1":"post","2":"type-post","3":"status-publish","4":"format-standard","5":"has-post-thumbnail","7":"category-sociales"},"aioseo_notices":[],"_links":{"self":[{"href":"https:\/\/periodicolarepublica.com\/index.php\/wp-json\/wp\/v2\/posts\/622","targetHints":{"allow":["GET"]}}],"collection":[{"href":"https:\/\/periodicolarepublica.com\/index.php\/wp-json\/wp\/v2\/posts"}],"about":[{"href":"https:\/\/periodicolarepublica.com\/index.php\/wp-json\/wp\/v2\/types\/post"}],"author":[{"embeddable":true,"href":"https:\/\/periodicolarepublica.com\/index.php\/wp-json\/wp\/v2\/users\/6"}],"replies":[{"embeddable":true,"href":"https:\/\/periodicolarepublica.com\/index.php\/wp-json\/wp\/v2\/comments?post=622"}],"version-history":[{"count":1,"href":"https:\/\/periodicolarepublica.com\/index.php\/wp-json\/wp\/v2\/posts\/622\/revisions"}],"predecessor-version":[{"id":625,"href":"https:\/\/periodicolarepublica.com\/index.php\/wp-json\/wp\/v2\/posts\/622\/revisions\/625"}],"wp:featuredmedia":[{"embeddable":true,"href":"https:\/\/periodicolarepublica.com\/index.php\/wp-json\/wp\/v2\/media\/624"}],"wp:attachment":[{"href":"https:\/\/periodicolarepublica.com\/index.php\/wp-json\/wp\/v2\/media?parent=622"}],"wp:term":[{"taxonomy":"category","embeddable":true,"href":"https:\/\/periodicolarepublica.com\/index.php\/wp-json\/wp\/v2\/categories?post=622"},{"taxonomy":"post_tag","embeddable":true,"href":"https:\/\/periodicolarepublica.com\/index.php\/wp-json\/wp\/v2\/tags?post=622"}],"curies":[{"name":"wp","href":"https:\/\/api.w.org\/{rel}","templated":true}]}}