{"id":626,"date":"2024-04-18T05:07:36","date_gmt":"2024-04-18T03:07:36","guid":{"rendered":"https:\/\/periodicolarepublica.com\/?p=626"},"modified":"2024-04-18T05:07:36","modified_gmt":"2024-04-18T03:07:36","slug":"raquel-pena-y-su-notable-liderazgo-prm-se-destaca-caravana-en-el-sur-y-ahora-al-cibao","status":"publish","type":"post","link":"https:\/\/periodicolarepublica.com\/index.php\/2024\/04\/18\/raquel-pena-y-su-notable-liderazgo-prm-se-destaca-caravana-en-el-sur-y-ahora-al-cibao\/","title":{"rendered":"Raquel Pe\u00f1a y su notable liderazgo PRM se destaca caravana en el Sur y ahora al Cibao"},"content":{"rendered":"<figure id=\"attachment_627\" aria-describedby=\"caption-attachment-627\" style=\"width: 300px\" class=\"wp-caption alignnone\"><img loading=\"lazy\" decoding=\"async\" class=\"size-medium wp-image-627\" src=\"https:\/\/periodicolarepublica.com\/wp-content\/uploads\/2024\/04\/IMG-20240417-WA0026-300x197.jpg\" alt=\"\" width=\"300\" height=\"197\" srcset=\"https:\/\/periodicolarepublica.com\/wp-content\/uploads\/2024\/04\/IMG-20240417-WA0026-300x197.jpg?v=1715379796 300w, https:\/\/periodicolarepublica.com\/wp-content\/uploads\/2024\/04\/IMG-20240417-WA0026-1024x671.jpg?v=1715379796 1024w, https:\/\/periodicolarepublica.com\/wp-content\/uploads\/2024\/04\/IMG-20240417-WA0026-768x503.jpg?v=1715379796 768w, https:\/\/periodicolarepublica.com\/wp-content\/uploads\/2024\/04\/IMG-20240417-WA0026-150x98.jpg?v=1715379796 150w, https:\/\/periodicolarepublica.com\/wp-content\/uploads\/2024\/04\/IMG-20240417-WA0026-600x393.jpg?v=1715379796 600w, https:\/\/periodicolarepublica.com\/wp-content\/uploads\/2024\/04\/IMG-20240417-WA0026-696x456.jpg?v=1715379796 696w, https:\/\/periodicolarepublica.com\/wp-content\/uploads\/2024\/04\/IMG-20240417-WA0026-1068x700.jpg?v=1715379796 1068w, https:\/\/periodicolarepublica.com\/wp-content\/uploads\/2024\/04\/IMG-20240417-WA0026.jpg?v=1715379796 1280w\" sizes=\"auto, (max-width: 300px) 100vw, 300px\" \/><figcaption id=\"caption-attachment-627\" class=\"wp-caption-text\">Raquel Pe\u00f1a en caravana por el Sur, quien fue entrevistada por M\u00e1ximo Mi\u00f1oso en el recorrido.<\/figcaption><\/figure>\n<p>La vicepresidenta de la Rep\u00fablica, Raquel Pe\u00f1a y a la vez candidata a la misma posici\u00f3n, ha ido consolidando su liderazgo dentro del partido y en la poblaci\u00f3n general a nivel nacional, desarrollando un camino pol\u00edtico natural,\u00a0 mediante una gesti\u00f3n notable en el tren gubernamental<\/p>\n<p>As\u00ed quedo demostrado, el pasado fin de semana en los recorridos encabezados por ella, en San Juan de la Maguana y en Peravia, la cual se hizo acompa\u00f1ar de los candidatos a senadores y diputados de esas demarcaciones.<\/p>\n<p>Para el pr\u00f3ximo fin de semana estara en el Cibao, visitando Moca, Salcedo, Tamboril y Licey al Medio, otra vez dirigi\u00e9ndo la orquesta, acompa\u00f1ada de los demas candidatos.<\/p>\n<p>Siempre con el \u00e1nimo, energ\u00eda y su trato educado que la caracteriza, ha desarrollado un camino pol\u00edtico natural,\u00a0 mediante una gesti\u00f3n notable en el tren gubernamental.<\/p>\n<p>La gran aceptaci\u00f3n por parte de la militancia del PRM y tambi\u00e9n en el pa\u00eds a nivel general, se ha ido desarrollando desde que el presidente Luis Abinader, la anunciara como su compa\u00f1era de boleta otra vez y ella aceptando con benepl\u00e1cito seguir representando.<\/p>\n<p>&nbsp;<\/p>\n<p>&nbsp;<\/p>\n","protected":false},"excerpt":{"rendered":"<p>La vicepresidenta de la Rep\u00fablica, Raquel Pe\u00f1a y a la vez candidata a la misma posici\u00f3n, ha ido consolidando su liderazgo dentro del partido y en la poblaci\u00f3n general a nivel nacional, desarrollando un camino pol\u00edtico natural,\u00a0 mediante una gesti\u00f3n notable en el tren gubernamental As\u00ed quedo demostrado, el pasado fin de semana en los [&hellip;]<\/p>\n","protected":false},"author":1,"featured_media":627,"comment_status":"open","ping_status":"open","sticky":false,"template":"","format":"standard","meta":{"om_disable_all_campaigns":false,"_monsterinsights_skip_tracking":false,"_monsterinsights_sitenote_active":false,"_monsterinsights_sitenote_note":"","_monsterinsights_sitenote_category":0,"footnotes":""},"categories":[127],"tags":[166],"class_list":{"0":"post-626","1":"post","2":"type-post","3":"status-publish","4":"format-standard","5":"has-post-thumbnail","7":"category-politica","8":"tag-raquel-la-vice"},"aioseo_notices":[],"_links":{"self":[{"href":"https:\/\/periodicolarepublica.com\/index.php\/wp-json\/wp\/v2\/posts\/626","targetHints":{"allow":["GET"]}}],"collection":[{"href":"https:\/\/periodicolarepublica.com\/index.php\/wp-json\/wp\/v2\/posts"}],"about":[{"href":"https:\/\/periodicolarepublica.com\/index.php\/wp-json\/wp\/v2\/types\/post"}],"author":[{"embeddable":true,"href":"https:\/\/periodicolarepublica.com\/index.php\/wp-json\/wp\/v2\/users\/1"}],"replies":[{"embeddable":true,"href":"https:\/\/periodicolarepublica.com\/index.php\/wp-json\/wp\/v2\/comments?post=626"}],"version-history":[{"count":1,"href":"https:\/\/periodicolarepublica.com\/index.php\/wp-json\/wp\/v2\/posts\/626\/revisions"}],"predecessor-version":[{"id":628,"href":"https:\/\/periodicolarepublica.com\/index.php\/wp-json\/wp\/v2\/posts\/626\/revisions\/628"}],"wp:featuredmedia":[{"embeddable":true,"href":"https:\/\/periodicolarepublica.com\/index.php\/wp-json\/wp\/v2\/media\/627"}],"wp:attachment":[{"href":"https:\/\/periodicolarepublica.com\/index.php\/wp-json\/wp\/v2\/media?parent=626"}],"wp:term":[{"taxonomy":"category","embeddable":true,"href":"https:\/\/periodicolarepublica.com\/index.php\/wp-json\/wp\/v2\/categories?post=626"},{"taxonomy":"post_tag","embeddable":true,"href":"https:\/\/periodicolarepublica.com\/index.php\/wp-json\/wp\/v2\/tags?post=626"}],"curies":[{"name":"wp","href":"https:\/\/api.w.org\/{rel}","templated":true}]}}