{"id":630,"date":"2024-04-23T01:42:22","date_gmt":"2024-04-22T23:42:22","guid":{"rendered":"https:\/\/periodicolarepublica.com\/?p=630"},"modified":"2024-04-23T01:42:22","modified_gmt":"2024-04-22T23:42:22","slug":"el-ministro-de-salud-publica-anuncia-la-jornada-de-vacunacion-de-animales-y-la-remodelacion-del-centro-antirrabico","status":"publish","type":"post","link":"https:\/\/periodicolarepublica.com\/index.php\/2024\/04\/23\/el-ministro-de-salud-publica-anuncia-la-jornada-de-vacunacion-de-animales-y-la-remodelacion-del-centro-antirrabico\/","title":{"rendered":"El Ministro de Salud P\u00fablica anuncia la Jornada de Vacunaci\u00f3n de Animales y la Remodelaci\u00f3n del Centro Antirr\u00e1bico"},"content":{"rendered":"\r\n<p><img loading=\"lazy\" decoding=\"async\" class=\"size-medium wp-image-534 alignright\" src=\"https:\/\/periodicolarepublica.com\/wp-content\/uploads\/2024\/03\/IMG-20240328-WA0167-300x204.jpg\" alt=\"\" width=\"300\" height=\"204\" srcset=\"https:\/\/periodicolarepublica.com\/wp-content\/uploads\/2024\/03\/IMG-20240328-WA0167-300x204.jpg?v=1715379802 300w, https:\/\/periodicolarepublica.com\/wp-content\/uploads\/2024\/03\/IMG-20240328-WA0167-150x102.jpg?v=1715379802 150w, https:\/\/periodicolarepublica.com\/wp-content\/uploads\/2024\/03\/IMG-20240328-WA0167-600x409.jpg?v=1715379802 600w, https:\/\/periodicolarepublica.com\/wp-content\/uploads\/2024\/03\/IMG-20240328-WA0167-696x474.jpg?v=1715379802 696w, https:\/\/periodicolarepublica.com\/wp-content\/uploads\/2024\/03\/IMG-20240328-WA0167.jpg?v=1715379802 718w\" sizes=\"auto, (max-width: 300px) 100vw, 300px\" \/><br \/><br \/><br \/><br \/>Santiago RD: El d\u00eda de hoy, el Ministro de Salud P\u00fablica, Dr. V\u00edctor Atallah, realiz\u00f3 una importante intervenci\u00f3n semanal en la cual destac\u00f3 dos importantes iniciativas en el \u00e1mbito de la salud animal. Durante su discurso, el Ministro Atallah inform\u00f3 sobre la pr\u00f3xima Jornada de Vacunaci\u00f3n de Animales y los avances en curso para la remodelaci\u00f3n del Centro Antirr\u00e1bico. <br \/><br \/>La Jornada de Vacunaci\u00f3n de Animales, que se llevar\u00e1 a cabo en fecha pr\u00f3xima, tiene como objetivo principal garantizar la protecci\u00f3n y el bienestar de nuestras mascotas y animales de compa\u00f1\u00eda. El Ministerio de Salud P\u00fablica, en colaboraci\u00f3n con entidades veterinarias y organizaciones especializadas, ha dise\u00f1ado una estrategia integral que busca fomentar la vacunaci\u00f3n de perros y gatos en todo el pa\u00eds. Esta jornada permitir\u00e1 la inmunizaci\u00f3n masiva contra enfermedades de importancia sanitaria, promoviendo as\u00ed la salud y seguridad tanto de los animales como de la poblaci\u00f3n en general. <br \/><br \/>Adem\u00e1s, el Ministro Atallah anunci\u00f3 los avances en la remodelaci\u00f3n del Centro Antirr\u00e1bico, una instituci\u00f3n clave en la prevenci\u00f3n y control de la rabia animal. La remodelaci\u00f3n del centro tiene como objetivo mejorar las instalaciones existentes y fortalecer la capacidad de atenci\u00f3n y tratamiento de casos relacionados con la rabia. Como parte de este proyecto, se han llevado a cabo importantes trabajos de infraestructura y se ha realizado una inversi\u00f3n significativa en equipos y tecnolog\u00eda especializada. Estas mejoras permitir\u00e1n brindar una atenci\u00f3n m\u00e1s eficiente y de calidad a los animales que requieran servicios antirr\u00e1bicos. <br \/><br \/>El Ministerio de Salud P\u00fablica se encuentra comprometido con la salud animal y reconoce la importancia de promover la tenencia responsable de mascotas, as\u00ed como la prevenci\u00f3n y control de enfermedades zoon\u00f3ticas. En esta l\u00ednea, el Ministro Atallah anunci\u00f3 que se establecer\u00e1n dos nuevos centros de atenci\u00f3n animal gratuita en \u00e1reas estrat\u00e9gicas del pa\u00eds. Estos centros brindar\u00e1n servicios m\u00e9dicos b\u00e1sicos, vacunaci\u00f3n, esterilizaci\u00f3n y atenci\u00f3n primaria a animales en situaci\u00f3n de vulnerabilidad, contribuyendo as\u00ed a mejorar su calidad de vida y fomentando una convivencia armoniosa entre los seres humanos y los animales. <br \/><br \/>El Ministerio de Salud P\u00fablica invita a la poblaci\u00f3n a participar activamente en la Jornada de Vacunaci\u00f3n de Animales y a estar atentos a las pr\u00f3ximas noticias sobre la apertura de los nuevos centros de atenci\u00f3n animal. La protecci\u00f3n y cuidado de nuestros animales es una responsabilidad compartida y juntos podemos lograr una sociedad m\u00e1s saludable y comprometida con el bienestar animal.<\/p>\r\n","protected":false},"excerpt":{"rendered":"<p>Santiago RD: El d\u00eda de hoy, el Ministro de Salud P\u00fablica, Dr. V\u00edctor Atallah, realiz\u00f3 una importante intervenci\u00f3n semanal en la cual destac\u00f3 dos importantes iniciativas en el \u00e1mbito de la salud animal. Durante su discurso, el Ministro Atallah inform\u00f3 sobre la pr\u00f3xima Jornada de Vacunaci\u00f3n de Animales y los avances en curso para la [&hellip;]<\/p>\n","protected":false},"author":6,"featured_media":534,"comment_status":"open","ping_status":"open","sticky":false,"template":"","format":"standard","meta":{"om_disable_all_campaigns":false,"_monsterinsights_skip_tracking":false,"_monsterinsights_sitenote_active":false,"_monsterinsights_sitenote_note":"","_monsterinsights_sitenote_category":0,"footnotes":""},"categories":[1],"tags":[159],"class_list":{"0":"post-630","1":"post","2":"type-post","3":"status-publish","4":"format-standard","5":"has-post-thumbnail","7":"category-nacionales","8":"tag-ministro-de-salud-publica-victor-atallah"},"aioseo_notices":[],"_links":{"self":[{"href":"https:\/\/periodicolarepublica.com\/index.php\/wp-json\/wp\/v2\/posts\/630","targetHints":{"allow":["GET"]}}],"collection":[{"href":"https:\/\/periodicolarepublica.com\/index.php\/wp-json\/wp\/v2\/posts"}],"about":[{"href":"https:\/\/periodicolarepublica.com\/index.php\/wp-json\/wp\/v2\/types\/post"}],"author":[{"embeddable":true,"href":"https:\/\/periodicolarepublica.com\/index.php\/wp-json\/wp\/v2\/users\/6"}],"replies":[{"embeddable":true,"href":"https:\/\/periodicolarepublica.com\/index.php\/wp-json\/wp\/v2\/comments?post=630"}],"version-history":[{"count":2,"href":"https:\/\/periodicolarepublica.com\/index.php\/wp-json\/wp\/v2\/posts\/630\/revisions"}],"predecessor-version":[{"id":635,"href":"https:\/\/periodicolarepublica.com\/index.php\/wp-json\/wp\/v2\/posts\/630\/revisions\/635"}],"wp:featuredmedia":[{"embeddable":true,"href":"https:\/\/periodicolarepublica.com\/index.php\/wp-json\/wp\/v2\/media\/534"}],"wp:attachment":[{"href":"https:\/\/periodicolarepublica.com\/index.php\/wp-json\/wp\/v2\/media?parent=630"}],"wp:term":[{"taxonomy":"category","embeddable":true,"href":"https:\/\/periodicolarepublica.com\/index.php\/wp-json\/wp\/v2\/categories?post=630"},{"taxonomy":"post_tag","embeddable":true,"href":"https:\/\/periodicolarepublica.com\/index.php\/wp-json\/wp\/v2\/tags?post=630"}],"curies":[{"name":"wp","href":"https:\/\/api.w.org\/{rel}","templated":true}]}}