{"id":634,"date":"2024-04-23T02:26:22","date_gmt":"2024-04-23T00:26:22","guid":{"rendered":"https:\/\/periodicolarepublica.com\/?p=634"},"modified":"2024-04-23T02:26:22","modified_gmt":"2024-04-23T00:26:22","slug":"el-ministro-de-salud-publica-dr-victor-atallah-destaca-los-avances-en-el-acceso-a-medicamentos-de-altos-costos","status":"publish","type":"post","link":"https:\/\/periodicolarepublica.com\/index.php\/2024\/04\/23\/el-ministro-de-salud-publica-dr-victor-atallah-destaca-los-avances-en-el-acceso-a-medicamentos-de-altos-costos\/","title":{"rendered":"El Ministro de Salud P\u00fablica, Dr. V\u00edctor Atallah, destaca los avances en el acceso a medicamentos de altos costos"},"content":{"rendered":"\r\n<p><img loading=\"lazy\" decoding=\"async\" class=\"size-medium wp-image-638 alignright\" src=\"https:\/\/periodicolarepublica.com\/wp-content\/uploads\/2024\/04\/20240422_202503-300x291.jpg\" alt=\"\" width=\"300\" height=\"291\" srcset=\"https:\/\/periodicolarepublica.com\/wp-content\/uploads\/2024\/04\/20240422_202503-300x291.jpg?v=1715379795 300w, https:\/\/periodicolarepublica.com\/wp-content\/uploads\/2024\/04\/20240422_202503-1024x994.jpg?v=1715379795 1024w, https:\/\/periodicolarepublica.com\/wp-content\/uploads\/2024\/04\/20240422_202503-768x745.jpg?v=1715379795 768w, https:\/\/periodicolarepublica.com\/wp-content\/uploads\/2024\/04\/20240422_202503-150x146.jpg?v=1715379795 150w, https:\/\/periodicolarepublica.com\/wp-content\/uploads\/2024\/04\/20240422_202503-600x582.jpg?v=1715379795 600w, https:\/\/periodicolarepublica.com\/wp-content\/uploads\/2024\/04\/20240422_202503-696x675.jpg?v=1715379795 696w, https:\/\/periodicolarepublica.com\/wp-content\/uploads\/2024\/04\/20240422_202503-1068x1036.jpg?v=1715379795 1068w, https:\/\/periodicolarepublica.com\/wp-content\/uploads\/2024\/04\/20240422_202503.jpg?v=1715379795 1080w\" sizes=\"auto, (max-width: 300px) 100vw, 300px\" \/><br \/><br \/>Santiago RD- El Ministro de Salud P\u00fablica, el Dr. V\u00edctor Atallah, hizo una declaraci\u00f3n hoy sobre los notables avances logrados en el acceso a medicamentos de altos costos en el pa\u00eds. El Ministro enfatiz\u00f3 el compromiso del gobierno del presidente Luis Abinader para garantizar la atenci\u00f3n m\u00e9dica adecuada y accesible a todos los ciudadanos, incluso en tiempos de pandemia. <br \/><br \/>El Dr. Atallah inform\u00f3 que se ha registrado un aumento significativo en el n\u00famero de personas que reciben medicamentos de altos costos, alcanzando un incremento del 16.500% en comparaci\u00f3n con a\u00f1os anteriores. Este logro es el resultado de un esfuerzo conjunto entre el Ministerio de Salud P\u00fablica y el apoyo del presidente Abinader, quien ha destinado recursos adicionales para hacer frente a esta necesidad creciente. <br \/><br \/>\u00abGracias a las pol\u00edticas implementadas por el presidente Abinader, hemos logrado ampliar el acceso a medicamentos de altos costos para aquellos pacientes que los necesitan desesperadamente\u00bb, afirm\u00f3 el Dr. Atallah. \u00abNuestro compromiso es garantizar que todos los ciudadanos tengan acceso equitativo a los tratamientos necesarios, independientemente de su capacidad econ\u00f3mica\u00bb. <br \/><br \/>El Ministro tambi\u00e9n destac\u00f3 que se ha aumentado el presupuesto asignado para medicamentos de altos costos en un 300%, lo que ha permitido cubrir un mayor n\u00famero de terapias y tratamientos especializados. Esta inversi\u00f3n adicional es un testimonio del compromiso del gobierno con la salud y el bienestar de la poblaci\u00f3n. <br \/><br \/>El Dr. Atallah concluy\u00f3 su declaraci\u00f3n expresando su gratitud al presidente Abinader por su liderazgo y su respuesta efectiva durante la pandemia. \u00abA pesar de los desaf\u00edos sin precedentes que enfrentamos, el presidente Abinader ha demostrado un firme compromiso con la salud de nuestra naci\u00f3n. Estamos trabajando incansablemente para garantizar que los ciudadanos reciban la atenci\u00f3n m\u00e9dica que merecen\u00bb. <br \/><br \/>El Ministerio de Salud P\u00fablica continuar\u00e1 colaborando con las autoridades pertinentes y las partes interesadas para fortalecer a\u00fan m\u00e1s el acceso a medicamentos de altos costos y mejorar la calidad de vida de los pacientes en todo el pa\u00eds.<\/p>\r\n","protected":false},"excerpt":{"rendered":"<p>Santiago RD- El Ministro de Salud P\u00fablica, el Dr. V\u00edctor Atallah, hizo una declaraci\u00f3n hoy sobre los notables avances logrados en el acceso a medicamentos de altos costos en el pa\u00eds. El Ministro enfatiz\u00f3 el compromiso del gobierno del presidente Luis Abinader para garantizar la atenci\u00f3n m\u00e9dica adecuada y accesible a todos los ciudadanos, incluso [&hellip;]<\/p>\n","protected":false},"author":6,"featured_media":638,"comment_status":"open","ping_status":"open","sticky":false,"template":"","format":"standard","meta":{"om_disable_all_campaigns":false,"_monsterinsights_skip_tracking":false,"_monsterinsights_sitenote_active":false,"_monsterinsights_sitenote_note":"","_monsterinsights_sitenote_category":0,"footnotes":""},"categories":[1],"tags":[159],"class_list":{"0":"post-634","1":"post","2":"type-post","3":"status-publish","4":"format-standard","5":"has-post-thumbnail","7":"category-nacionales","8":"tag-ministro-de-salud-publica-victor-atallah"},"aioseo_notices":[],"_links":{"self":[{"href":"https:\/\/periodicolarepublica.com\/index.php\/wp-json\/wp\/v2\/posts\/634","targetHints":{"allow":["GET"]}}],"collection":[{"href":"https:\/\/periodicolarepublica.com\/index.php\/wp-json\/wp\/v2\/posts"}],"about":[{"href":"https:\/\/periodicolarepublica.com\/index.php\/wp-json\/wp\/v2\/types\/post"}],"author":[{"embeddable":true,"href":"https:\/\/periodicolarepublica.com\/index.php\/wp-json\/wp\/v2\/users\/6"}],"replies":[{"embeddable":true,"href":"https:\/\/periodicolarepublica.com\/index.php\/wp-json\/wp\/v2\/comments?post=634"}],"version-history":[{"count":2,"href":"https:\/\/periodicolarepublica.com\/index.php\/wp-json\/wp\/v2\/posts\/634\/revisions"}],"predecessor-version":[{"id":639,"href":"https:\/\/periodicolarepublica.com\/index.php\/wp-json\/wp\/v2\/posts\/634\/revisions\/639"}],"wp:featuredmedia":[{"embeddable":true,"href":"https:\/\/periodicolarepublica.com\/index.php\/wp-json\/wp\/v2\/media\/638"}],"wp:attachment":[{"href":"https:\/\/periodicolarepublica.com\/index.php\/wp-json\/wp\/v2\/media?parent=634"}],"wp:term":[{"taxonomy":"category","embeddable":true,"href":"https:\/\/periodicolarepublica.com\/index.php\/wp-json\/wp\/v2\/categories?post=634"},{"taxonomy":"post_tag","embeddable":true,"href":"https:\/\/periodicolarepublica.com\/index.php\/wp-json\/wp\/v2\/tags?post=634"}],"curies":[{"name":"wp","href":"https:\/\/api.w.org\/{rel}","templated":true}]}}