{"id":641,"date":"2024-04-27T17:16:06","date_gmt":"2024-04-27T15:16:06","guid":{"rendered":"https:\/\/periodicolarepublica.com\/?p=641"},"modified":"2024-04-27T17:16:06","modified_gmt":"2024-04-27T15:16:06","slug":"el-ministro-de-salud-publica-dr-victor-atallah-lidera-el-lanzamiento-del-programa-mas-salud-y-mas-esperanza-de-vida-en-la-region-enriquillo","status":"publish","type":"post","link":"https:\/\/periodicolarepublica.com\/index.php\/2024\/04\/27\/el-ministro-de-salud-publica-dr-victor-atallah-lidera-el-lanzamiento-del-programa-mas-salud-y-mas-esperanza-de-vida-en-la-region-enriquillo\/","title":{"rendered":"El Ministro de Salud P\u00fablica, Dr. V\u00edctor Atallah, lidera el lanzamiento del programa \u00abM\u00e1s Salud y M\u00e1s Esperanza de Vida\u00bb en la regi\u00f3n Enriquillo"},"content":{"rendered":"\r\n<p><img loading=\"lazy\" decoding=\"async\" class=\"size-medium wp-image-646 alignright\" src=\"https:\/\/periodicolarepublica.com\/wp-content\/uploads\/2024\/04\/20240427_110958-300x209.jpg\" alt=\"\" width=\"300\" height=\"209\" srcset=\"https:\/\/periodicolarepublica.com\/wp-content\/uploads\/2024\/04\/20240427_110958-300x209.jpg?v=1715379794 300w, https:\/\/periodicolarepublica.com\/wp-content\/uploads\/2024\/04\/20240427_110958-1024x714.jpg?v=1715379794 1024w, https:\/\/periodicolarepublica.com\/wp-content\/uploads\/2024\/04\/20240427_110958-768x535.jpg?v=1715379794 768w, https:\/\/periodicolarepublica.com\/wp-content\/uploads\/2024\/04\/20240427_110958-150x105.jpg?v=1715379794 150w, https:\/\/periodicolarepublica.com\/wp-content\/uploads\/2024\/04\/20240427_110958-600x418.jpg?v=1715379794 600w, https:\/\/periodicolarepublica.com\/wp-content\/uploads\/2024\/04\/20240427_110958-696x485.jpg?v=1715379794 696w, https:\/\/periodicolarepublica.com\/wp-content\/uploads\/2024\/04\/20240427_110958-1068x746.jpg?v=1715379794 1068w, https:\/\/periodicolarepublica.com\/wp-content\/uploads\/2024\/04\/20240427_110958-100x70.jpg?v=1715379794 100w, https:\/\/periodicolarepublica.com\/wp-content\/uploads\/2024\/04\/20240427_110958-200x140.jpg?v=1715379794 200w, https:\/\/periodicolarepublica.com\/wp-content\/uploads\/2024\/04\/20240427_110958.jpg?v=1715379794 1070w\" sizes=\"auto, (max-width: 300px) 100vw, 300px\" \/>Enriquillo-El Ministro de Salud P\u00fablica, Dr. V\u00edctor Atallah, encabez\u00f3 el lanzamiento del programa \u00abM\u00e1s Salud y M\u00e1s Esperanza de Vida\u00bb en la regi\u00f3n Enriquillo. Esta iniciativa, implementada gracias al apoyo del presidente Luis Abinader, tiene como objetivo mejorar la calidad de vida de los habitantes de la regi\u00f3n a trav\u00e9s de la estrategia HEARTS. <br \/><br \/>El programa \u00abM\u00e1s Salud y M\u00e1s Esperanza de Vida\u00bb busca fortalecer los servicios de salud en la regi\u00f3n Enriquillo, promoviendo la prevenci\u00f3n y el control de enfermedades cardiovasculares. Con la implementaci\u00f3n de la estrategia HEARTS (Herramientas Esenciales para la Evaluaci\u00f3n y el Control de las Enfermedades Cardiovasculares), se brindar\u00e1 atenci\u00f3n integral a los pacientes, as\u00ed como capacitaci\u00f3n a los profesionales de la salud y la promoci\u00f3n de estilos de vida saludables en la comunidad. <br \/><br \/>Durante el lanzamiento, el Ministro de Salud P\u00fablica resalt\u00f3 la importancia de esta iniciativa para mejorar la salud y el bienestar de la poblaci\u00f3n de la regi\u00f3n Enriquillo. \u00abCon el programa &#8216;M\u00e1s Salud y M\u00e1s Esperanza de Vida&#8217;, buscamos reducir la incidencia de enfermedades cardiovasculares y mejorar la calidad de vida de nuestros ciudadanos. Agradecemos el apoyo del presidente Luis Abinader, quien ha demostrado un firme compromiso con la salud de nuestra poblaci\u00f3n\u00bb, afirm\u00f3 el Dr. Atallah. <br \/><br \/>Asimismo, el Ministro de Salud P\u00fablica destac\u00f3 que se realizar\u00e1n inversiones significativas en infraestructura y equipamiento m\u00e9dico en la regi\u00f3n Enriquillo, con el fin de fortalecer los servicios de atenci\u00f3n primaria y garantizar una atenci\u00f3n de calidad para todos los habitantes. <br \/><br \/>El programa \u00abM\u00e1s Salud y M\u00e1s Esperanza de Vida\u00bb es parte de los esfuerzos del Gobierno para promover la salud y el bienestar de la poblaci\u00f3n dominicana. Con la implementaci\u00f3n de la estrategia HEARTS, se espera reducir la carga de enfermedades cardiovasculares y mejorar la esperanza de vida en la regi\u00f3n Enriquillo.<\/p>\r\n","protected":false},"excerpt":{"rendered":"<p>Enriquillo-El Ministro de Salud P\u00fablica, Dr. V\u00edctor Atallah, encabez\u00f3 el lanzamiento del programa \u00abM\u00e1s Salud y M\u00e1s Esperanza de Vida\u00bb en la regi\u00f3n Enriquillo. Esta iniciativa, implementada gracias al apoyo del presidente Luis Abinader, tiene como objetivo mejorar la calidad de vida de los habitantes de la regi\u00f3n a trav\u00e9s de la estrategia HEARTS. El [&hellip;]<\/p>\n","protected":false},"author":6,"featured_media":646,"comment_status":"open","ping_status":"open","sticky":false,"template":"","format":"standard","meta":{"om_disable_all_campaigns":false,"_monsterinsights_skip_tracking":false,"_monsterinsights_sitenote_active":false,"_monsterinsights_sitenote_note":"","_monsterinsights_sitenote_category":0,"footnotes":""},"categories":[1],"tags":[159],"class_list":{"0":"post-641","1":"post","2":"type-post","3":"status-publish","4":"format-standard","5":"has-post-thumbnail","7":"category-nacionales","8":"tag-ministro-de-salud-publica-victor-atallah"},"aioseo_notices":[],"_links":{"self":[{"href":"https:\/\/periodicolarepublica.com\/index.php\/wp-json\/wp\/v2\/posts\/641","targetHints":{"allow":["GET"]}}],"collection":[{"href":"https:\/\/periodicolarepublica.com\/index.php\/wp-json\/wp\/v2\/posts"}],"about":[{"href":"https:\/\/periodicolarepublica.com\/index.php\/wp-json\/wp\/v2\/types\/post"}],"author":[{"embeddable":true,"href":"https:\/\/periodicolarepublica.com\/index.php\/wp-json\/wp\/v2\/users\/6"}],"replies":[{"embeddable":true,"href":"https:\/\/periodicolarepublica.com\/index.php\/wp-json\/wp\/v2\/comments?post=641"}],"version-history":[{"count":2,"href":"https:\/\/periodicolarepublica.com\/index.php\/wp-json\/wp\/v2\/posts\/641\/revisions"}],"predecessor-version":[{"id":647,"href":"https:\/\/periodicolarepublica.com\/index.php\/wp-json\/wp\/v2\/posts\/641\/revisions\/647"}],"wp:featuredmedia":[{"embeddable":true,"href":"https:\/\/periodicolarepublica.com\/index.php\/wp-json\/wp\/v2\/media\/646"}],"wp:attachment":[{"href":"https:\/\/periodicolarepublica.com\/index.php\/wp-json\/wp\/v2\/media?parent=641"}],"wp:term":[{"taxonomy":"category","embeddable":true,"href":"https:\/\/periodicolarepublica.com\/index.php\/wp-json\/wp\/v2\/categories?post=641"},{"taxonomy":"post_tag","embeddable":true,"href":"https:\/\/periodicolarepublica.com\/index.php\/wp-json\/wp\/v2\/tags?post=641"}],"curies":[{"name":"wp","href":"https:\/\/api.w.org\/{rel}","templated":true}]}}