{"id":649,"date":"2024-05-04T15:10:48","date_gmt":"2024-05-04T13:10:48","guid":{"rendered":"https:\/\/periodicolarepublica.com\/?p=649"},"modified":"2024-05-04T15:10:48","modified_gmt":"2024-05-04T13:10:48","slug":"el-movimiento-poder-pal-pueblo-da-la-bienvenida-a-nuevos-miembros-y-fortalece-su-base","status":"publish","type":"post","link":"https:\/\/periodicolarepublica.com\/index.php\/2024\/05\/04\/el-movimiento-poder-pal-pueblo-da-la-bienvenida-a-nuevos-miembros-y-fortalece-su-base\/","title":{"rendered":"El Movimiento Poder PA&#8217;L Pueblo da la bienvenida a nuevos miembros y fortalece su base"},"content":{"rendered":"\r\n<p><img loading=\"lazy\" decoding=\"async\" class=\"size-medium wp-image-696 alignright\" src=\"https:\/\/periodicolarepublica.com\/wp-content\/uploads\/2024\/05\/IMG-20240503-WA11301-300x199.jpg\" alt=\"\" width=\"300\" height=\"199\" srcset=\"https:\/\/periodicolarepublica.com\/wp-content\/uploads\/2024\/05\/IMG-20240503-WA11301-300x199.jpg?v=1715379789 300w, https:\/\/periodicolarepublica.com\/wp-content\/uploads\/2024\/05\/IMG-20240503-WA11301-1024x678.jpg?v=1715379789 1024w, https:\/\/periodicolarepublica.com\/wp-content\/uploads\/2024\/05\/IMG-20240503-WA11301-768x508.jpg?v=1715379789 768w, https:\/\/periodicolarepublica.com\/wp-content\/uploads\/2024\/05\/IMG-20240503-WA11301-1536x1017.jpg?v=1715379789 1536w, https:\/\/periodicolarepublica.com\/wp-content\/uploads\/2024\/05\/IMG-20240503-WA11301-150x99.jpg?v=1715379789 150w, https:\/\/periodicolarepublica.com\/wp-content\/uploads\/2024\/05\/IMG-20240503-WA11301-600x397.jpg?v=1715379789 600w, https:\/\/periodicolarepublica.com\/wp-content\/uploads\/2024\/05\/IMG-20240503-WA11301-696x461.jpg?v=1715379789 696w, https:\/\/periodicolarepublica.com\/wp-content\/uploads\/2024\/05\/IMG-20240503-WA11301-1392x921.jpg?v=1715379789 1392w, https:\/\/periodicolarepublica.com\/wp-content\/uploads\/2024\/05\/IMG-20240503-WA11301-1068x707.jpg?v=1715379789 1068w, https:\/\/periodicolarepublica.com\/wp-content\/uploads\/2024\/05\/IMG-20240503-WA11301.jpg?v=1715379789 1600w\" sizes=\"auto, (max-width: 300px) 100vw, 300px\" \/>Santo Domingo- El presidente del Movimiento Poder PA&#8217;L Pueblo, el ingeniero Tom\u00e1s Hern\u00e1ndez Alberto, lider\u00f3 hoy un importante acto de juramentaci\u00f3n en el que cuatro movimientos se unieron a las filas de Poder PA&#8217;L Pueblo, fortaleciendo as\u00ed su base y ampliando su alcance en beneficio de la comunidad.<br \/><br \/>El evento, que tuvo lugar en Sabana perdida Santo Domingo Norte, cont\u00f3 con la destacada presencia del Dr. Adolfo Portes Alc\u00e1ntara, vicepresidente del movimiento, el Dr. Tom\u00e1s Valoy, tambi\u00e9n vicepresidente, Jhonatan Brea, Director Nacional de Redes Sociales y Comunicaciones, y Rafelito de los Santos, miembros destacados de la direcci\u00f3n ejecutiva.<br \/><br \/>La juramentaci\u00f3n de estos nuevos movimientos representa un paso significativo en la consolidaci\u00f3n y crecimiento continuo de Poder PA&#8217;L Pueblo. Estos movimientos aportar\u00e1n nuevas perspectivas, ideas y recursos a nuestra organizaci\u00f3n, permiti\u00e9ndonos abordar de manera m\u00e1s efectiva los desaf\u00edos que enfrenta nuestra sociedad.<br \/><br \/>El ingeniero Tom\u00e1s Hern\u00e1ndez Alberto expres\u00f3 su entusiasmo y gratitud hacia los nuevos miembros, destacando la importancia de la unidad y la colaboraci\u00f3n para lograr un verdadero cambio en beneficio de todos los ciudadanos. Destac\u00f3 que Poder PA&#8217;L Pueblo se compromete a luchar incansablemente por los derechos y las necesidades de la poblaci\u00f3n, promoviendo la transparencia, la justicia social y el desarrollo sostenible.<br \/><br \/>\u00abCon la incorporaci\u00f3n de estos nuevos movimientos, Poder PA&#8217;L Pueblo se fortalece y ampl\u00eda su capacidad de representaci\u00f3n. Estamos comprometidos a trabajar arduamente para mejorar la calidad de vida de nuestros conciudadanos y construir un futuro pr\u00f3spero para todos\u00bb, afirm\u00f3 el presidente Tom\u00e1s Hern\u00e1ndez Alberto.<\/p>\r\n","protected":false},"excerpt":{"rendered":"<p>Santo Domingo- El presidente del Movimiento Poder PA&#8217;L Pueblo, el ingeniero Tom\u00e1s Hern\u00e1ndez Alberto, lider\u00f3 hoy un importante acto de juramentaci\u00f3n en el que cuatro movimientos se unieron a las filas de Poder PA&#8217;L Pueblo, fortaleciendo as\u00ed su base y ampliando su alcance en beneficio de la comunidad. El evento, que tuvo lugar en Sabana [&hellip;]<\/p>\n","protected":false},"author":6,"featured_media":696,"comment_status":"open","ping_status":"open","sticky":false,"template":"","format":"standard","meta":{"om_disable_all_campaigns":false,"_monsterinsights_skip_tracking":false,"_monsterinsights_sitenote_active":false,"_monsterinsights_sitenote_note":"","_monsterinsights_sitenote_category":0,"footnotes":""},"categories":[1,127],"tags":[164,163],"class_list":{"0":"post-649","1":"post","2":"type-post","3":"status-publish","4":"format-standard","5":"has-post-thumbnail","7":"category-nacionales","8":"category-politica","9":"tag-movimiento-poder-pal-pueblo","10":"tag-tomas-hernandez-alberto"},"aioseo_notices":[],"_links":{"self":[{"href":"https:\/\/periodicolarepublica.com\/index.php\/wp-json\/wp\/v2\/posts\/649","targetHints":{"allow":["GET"]}}],"collection":[{"href":"https:\/\/periodicolarepublica.com\/index.php\/wp-json\/wp\/v2\/posts"}],"about":[{"href":"https:\/\/periodicolarepublica.com\/index.php\/wp-json\/wp\/v2\/types\/post"}],"author":[{"embeddable":true,"href":"https:\/\/periodicolarepublica.com\/index.php\/wp-json\/wp\/v2\/users\/6"}],"replies":[{"embeddable":true,"href":"https:\/\/periodicolarepublica.com\/index.php\/wp-json\/wp\/v2\/comments?post=649"}],"version-history":[{"count":2,"href":"https:\/\/periodicolarepublica.com\/index.php\/wp-json\/wp\/v2\/posts\/649\/revisions"}],"predecessor-version":[{"id":697,"href":"https:\/\/periodicolarepublica.com\/index.php\/wp-json\/wp\/v2\/posts\/649\/revisions\/697"}],"wp:featuredmedia":[{"embeddable":true,"href":"https:\/\/periodicolarepublica.com\/index.php\/wp-json\/wp\/v2\/media\/696"}],"wp:attachment":[{"href":"https:\/\/periodicolarepublica.com\/index.php\/wp-json\/wp\/v2\/media?parent=649"}],"wp:term":[{"taxonomy":"category","embeddable":true,"href":"https:\/\/periodicolarepublica.com\/index.php\/wp-json\/wp\/v2\/categories?post=649"},{"taxonomy":"post_tag","embeddable":true,"href":"https:\/\/periodicolarepublica.com\/index.php\/wp-json\/wp\/v2\/tags?post=649"}],"curies":[{"name":"wp","href":"https:\/\/api.w.org\/{rel}","templated":true}]}}