{"id":65,"date":"2023-11-24T13:34:32","date_gmt":"2023-11-24T12:34:32","guid":{"rendered":"https:\/\/periodicolarepublica.com\/?p=65"},"modified":"2023-11-27T17:17:41","modified_gmt":"2023-11-27T16:17:41","slug":"3era-graduacion-programa-14-24","status":"publish","type":"post","link":"https:\/\/periodicolarepublica.com\/index.php\/2023\/11\/24\/3era-graduacion-programa-14-24\/","title":{"rendered":"3era Graduaci\u00f3n  Programa Oportunidad 14-24 del Gabinete Pol\u00edtica Social"},"content":{"rendered":"\n<figure class=\"wp-block-image size-large\"><img loading=\"lazy\" decoding=\"async\" width=\"768\" height=\"1024\" src=\"https:\/\/periodicolarepublica.com\/wp-content\/uploads\/2023\/11\/IMG_20231123_123322-768x1024.jpg\" alt=\"\" class=\"wp-image-66\" srcset=\"https:\/\/periodicolarepublica.com\/wp-content\/uploads\/2023\/11\/IMG_20231123_123322-768x1024.jpg?v=1715379864 768w, https:\/\/periodicolarepublica.com\/wp-content\/uploads\/2023\/11\/IMG_20231123_123322-225x300.jpg?v=1715379864 225w, https:\/\/periodicolarepublica.com\/wp-content\/uploads\/2023\/11\/IMG_20231123_123322-1152x1536.jpg?v=1715379864 1152w, https:\/\/periodicolarepublica.com\/wp-content\/uploads\/2023\/11\/IMG_20231123_123322-1536x2048.jpg?v=1715379864 1536w, https:\/\/periodicolarepublica.com\/wp-content\/uploads\/2023\/11\/IMG_20231123_123322-scaled.jpg?v=1715379864 1920w\" sizes=\"auto, (max-width: 768px) 100vw, 768px\" \/><\/figure>\n\n\n\n<p>Alex Mordan, Oportunidad 14-24 del Gabinete de Pol\u00edtica Social. La actividad cont\u00f3 con la presencia del presidente Luis Abinader. Donde estaban presentes los graduados sinti\u00e9ndose muy satisfechos por los logros del programa.<\/p>\n","protected":false},"excerpt":{"rendered":"<p>Alex Mordan, Oportunidad 14-24 del Gabinete de Pol\u00edtica Social. La actividad cont\u00f3 con la presencia del presidente Luis Abinader. Donde estaban presentes los graduados sinti\u00e9ndose muy satisfechos por los logros del programa.<\/p>\n","protected":false},"author":1,"featured_media":66,"comment_status":"open","ping_status":"open","sticky":false,"template":"","format":"standard","meta":{"om_disable_all_campaigns":false,"_monsterinsights_skip_tracking":false,"_monsterinsights_sitenote_active":false,"_monsterinsights_sitenote_note":"","_monsterinsights_sitenote_category":0,"footnotes":""},"categories":[1],"tags":[],"class_list":{"0":"post-65","1":"post","2":"type-post","3":"status-publish","4":"format-standard","5":"has-post-thumbnail","7":"category-nacionales"},"aioseo_notices":[],"_links":{"self":[{"href":"https:\/\/periodicolarepublica.com\/index.php\/wp-json\/wp\/v2\/posts\/65","targetHints":{"allow":["GET"]}}],"collection":[{"href":"https:\/\/periodicolarepublica.com\/index.php\/wp-json\/wp\/v2\/posts"}],"about":[{"href":"https:\/\/periodicolarepublica.com\/index.php\/wp-json\/wp\/v2\/types\/post"}],"author":[{"embeddable":true,"href":"https:\/\/periodicolarepublica.com\/index.php\/wp-json\/wp\/v2\/users\/1"}],"replies":[{"embeddable":true,"href":"https:\/\/periodicolarepublica.com\/index.php\/wp-json\/wp\/v2\/comments?post=65"}],"version-history":[{"count":2,"href":"https:\/\/periodicolarepublica.com\/index.php\/wp-json\/wp\/v2\/posts\/65\/revisions"}],"predecessor-version":[{"id":121,"href":"https:\/\/periodicolarepublica.com\/index.php\/wp-json\/wp\/v2\/posts\/65\/revisions\/121"}],"wp:featuredmedia":[{"embeddable":true,"href":"https:\/\/periodicolarepublica.com\/index.php\/wp-json\/wp\/v2\/media\/66"}],"wp:attachment":[{"href":"https:\/\/periodicolarepublica.com\/index.php\/wp-json\/wp\/v2\/media?parent=65"}],"wp:term":[{"taxonomy":"category","embeddable":true,"href":"https:\/\/periodicolarepublica.com\/index.php\/wp-json\/wp\/v2\/categories?post=65"},{"taxonomy":"post_tag","embeddable":true,"href":"https:\/\/periodicolarepublica.com\/index.php\/wp-json\/wp\/v2\/tags?post=65"}],"curies":[{"name":"wp","href":"https:\/\/api.w.org\/{rel}","templated":true}]}}