{"id":652,"date":"2024-04-29T17:58:56","date_gmt":"2024-04-29T15:58:56","guid":{"rendered":"https:\/\/periodicolarepublica.com\/?p=652"},"modified":"2024-04-29T17:59:09","modified_gmt":"2024-04-29T15:59:09","slug":"en-date-collado-destaca-que-el-crecimiento-constante-y-record-del-turismo","status":"publish","type":"post","link":"https:\/\/periodicolarepublica.com\/index.php\/2024\/04\/29\/en-date-collado-destaca-que-el-crecimiento-constante-y-record-del-turismo\/","title":{"rendered":"En DATE Collado destaca que el crecimiento constante y r\u00e9cord del Turismo\u00a0"},"content":{"rendered":"<p style=\"text-align: left;\"><img loading=\"lazy\" decoding=\"async\" class=\"alignnone size-medium wp-image-653\" src=\"https:\/\/periodicolarepublica.com\/wp-content\/uploads\/2024\/04\/DSC0143-300x225.jpg\" alt=\"\" width=\"300\" height=\"225\" srcset=\"https:\/\/periodicolarepublica.com\/wp-content\/uploads\/2024\/04\/DSC0143-300x225.jpg?v=1715379794 300w, https:\/\/periodicolarepublica.com\/wp-content\/uploads\/2024\/04\/DSC0143-1024x769.jpg?v=1715379794 1024w, https:\/\/periodicolarepublica.com\/wp-content\/uploads\/2024\/04\/DSC0143-768x576.jpg?v=1715379794 768w, https:\/\/periodicolarepublica.com\/wp-content\/uploads\/2024\/04\/DSC0143-150x113.jpg?v=1715379794 150w, https:\/\/periodicolarepublica.com\/wp-content\/uploads\/2024\/04\/DSC0143-600x450.jpg?v=1715379794 600w, https:\/\/periodicolarepublica.com\/wp-content\/uploads\/2024\/04\/DSC0143-696x522.jpg?v=1715379794 696w, https:\/\/periodicolarepublica.com\/wp-content\/uploads\/2024\/04\/DSC0143-1068x802.jpg?v=1715379794 1068w, https:\/\/periodicolarepublica.com\/wp-content\/uploads\/2024\/04\/DSC0143-265x198.jpg?v=1715379794 265w, https:\/\/periodicolarepublica.com\/wp-content\/uploads\/2024\/04\/DSC0143-530x396.jpg?v=1715379794 530w, https:\/\/periodicolarepublica.com\/wp-content\/uploads\/2024\/04\/DSC0143.jpg?v=1715379794 1263w\" sizes=\"auto, (max-width: 300px) 100vw, 300px\" \/><\/p>\n<p>El ministro de Turismo, David Collado, destac\u00f3 los r\u00e9cords alcanzados por el pa\u00eds en la llegada de turistas que sigue de manera constante y anunci\u00f3 la instalaci\u00f3n de una Escuela de Turismo Superior para reforzar la capacitaci\u00f3n y un Centro de Servicio al Turista en la regi\u00f3n Este del pa\u00eds.<\/p>\n<p>En la 24 edici\u00f3n de la Dominican Annual Tourism Exchange (DATE por sus siglas en ingl\u00e9s), Collado destac\u00f3 que 3 millones 225 mil visitantes en los primeros tres meses del a\u00f1o han llegado a Rep\u00fablica Dominicana, y m\u00e1s de 800 mil en el mes de marzo por la v\u00eda a\u00e9rea.<\/p>\n<p>\u00abEso es una cifra super excelente, para tener el mejor inicio de a\u00f1o de toda la historia del pa\u00eds, y con unas proyecciones que van en constante crecimiento\u00bb, dijo el funcionario, quien sostuvo importantes reuniones de negocios.<\/p>\n","protected":false},"excerpt":{"rendered":"<p>El ministro de Turismo, David Collado, destac\u00f3 los r\u00e9cords alcanzados por el pa\u00eds en la llegada de turistas que sigue de manera constante y anunci\u00f3 la instalaci\u00f3n de una Escuela de Turismo Superior para reforzar la capacitaci\u00f3n y un Centro de Servicio al Turista en la regi\u00f3n Este del pa\u00eds. En la 24 edici\u00f3n de [&hellip;]<\/p>\n","protected":false},"author":1,"featured_media":653,"comment_status":"open","ping_status":"open","sticky":false,"template":"","format":"standard","meta":{"om_disable_all_campaigns":false,"_monsterinsights_skip_tracking":false,"_monsterinsights_sitenote_active":false,"_monsterinsights_sitenote_note":"","_monsterinsights_sitenote_category":0,"footnotes":""},"categories":[20],"tags":[30,22],"class_list":{"0":"post-652","1":"post","2":"type-post","3":"status-publish","4":"format-standard","5":"has-post-thumbnail","7":"category-turismo","8":"tag-david-collado","9":"tag-turismo"},"aioseo_notices":[],"_links":{"self":[{"href":"https:\/\/periodicolarepublica.com\/index.php\/wp-json\/wp\/v2\/posts\/652","targetHints":{"allow":["GET"]}}],"collection":[{"href":"https:\/\/periodicolarepublica.com\/index.php\/wp-json\/wp\/v2\/posts"}],"about":[{"href":"https:\/\/periodicolarepublica.com\/index.php\/wp-json\/wp\/v2\/types\/post"}],"author":[{"embeddable":true,"href":"https:\/\/periodicolarepublica.com\/index.php\/wp-json\/wp\/v2\/users\/1"}],"replies":[{"embeddable":true,"href":"https:\/\/periodicolarepublica.com\/index.php\/wp-json\/wp\/v2\/comments?post=652"}],"version-history":[{"count":1,"href":"https:\/\/periodicolarepublica.com\/index.php\/wp-json\/wp\/v2\/posts\/652\/revisions"}],"predecessor-version":[{"id":654,"href":"https:\/\/periodicolarepublica.com\/index.php\/wp-json\/wp\/v2\/posts\/652\/revisions\/654"}],"wp:featuredmedia":[{"embeddable":true,"href":"https:\/\/periodicolarepublica.com\/index.php\/wp-json\/wp\/v2\/media\/653"}],"wp:attachment":[{"href":"https:\/\/periodicolarepublica.com\/index.php\/wp-json\/wp\/v2\/media?parent=652"}],"wp:term":[{"taxonomy":"category","embeddable":true,"href":"https:\/\/periodicolarepublica.com\/index.php\/wp-json\/wp\/v2\/categories?post=652"},{"taxonomy":"post_tag","embeddable":true,"href":"https:\/\/periodicolarepublica.com\/index.php\/wp-json\/wp\/v2\/tags?post=652"}],"curies":[{"name":"wp","href":"https:\/\/api.w.org\/{rel}","templated":true}]}}