{"id":656,"date":"2024-04-29T18:37:42","date_gmt":"2024-04-29T16:37:42","guid":{"rendered":"https:\/\/periodicolarepublica.com\/?p=656"},"modified":"2024-04-29T18:37:42","modified_gmt":"2024-04-29T16:37:42","slug":"skyhigh-en-el-date-destaca-la-importancia-del-sector-turistico","status":"publish","type":"post","link":"https:\/\/periodicolarepublica.com\/index.php\/2024\/04\/29\/skyhigh-en-el-date-destaca-la-importancia-del-sector-turistico\/","title":{"rendered":"Skyhigh en el DATE destaca la importancia del sector tur\u00edstico"},"content":{"rendered":"<figure id=\"attachment_657\" aria-describedby=\"caption-attachment-657\" style=\"width: 300px\" class=\"wp-caption alignnone\"><img loading=\"lazy\" decoding=\"async\" class=\"size-medium wp-image-657\" src=\"https:\/\/periodicolarepublica.com\/wp-content\/uploads\/2024\/04\/Picsart_24-04-29_12-29-12-712-300x185.jpg\" alt=\"\" width=\"300\" height=\"185\" srcset=\"https:\/\/periodicolarepublica.com\/wp-content\/uploads\/2024\/04\/Picsart_24-04-29_12-29-12-712-300x185.jpg?v=1715379793 300w, https:\/\/periodicolarepublica.com\/wp-content\/uploads\/2024\/04\/Picsart_24-04-29_12-29-12-712-1024x632.jpg?v=1715379793 1024w, https:\/\/periodicolarepublica.com\/wp-content\/uploads\/2024\/04\/Picsart_24-04-29_12-29-12-712-768x474.jpg?v=1715379793 768w, https:\/\/periodicolarepublica.com\/wp-content\/uploads\/2024\/04\/Picsart_24-04-29_12-29-12-712-1536x948.jpg?v=1715379793 1536w, https:\/\/periodicolarepublica.com\/wp-content\/uploads\/2024\/04\/Picsart_24-04-29_12-29-12-712-2048x1265.jpg?v=1715379793 2048w, https:\/\/periodicolarepublica.com\/wp-content\/uploads\/2024\/04\/Picsart_24-04-29_12-29-12-712-150x93.jpg?v=1715379793 150w, https:\/\/periodicolarepublica.com\/wp-content\/uploads\/2024\/04\/Picsart_24-04-29_12-29-12-712-600x371.jpg?v=1715379793 600w, https:\/\/periodicolarepublica.com\/wp-content\/uploads\/2024\/04\/Picsart_24-04-29_12-29-12-712-696x430.jpg?v=1715379793 696w, https:\/\/periodicolarepublica.com\/wp-content\/uploads\/2024\/04\/Picsart_24-04-29_12-29-12-712-1392x860.jpg?v=1715379793 1392w, https:\/\/periodicolarepublica.com\/wp-content\/uploads\/2024\/04\/Picsart_24-04-29_12-29-12-712-1068x660.jpg?v=1715379793 1068w, https:\/\/periodicolarepublica.com\/wp-content\/uploads\/2024\/04\/Picsart_24-04-29_12-29-12-712-1920x1186.jpg?v=1715379793 1920w\" sizes=\"auto, (max-width: 300px) 100vw, 300px\" \/><figcaption id=\"caption-attachment-657\" class=\"wp-caption-text\">Cesarina Beauchamp de SkyHigh junto al Ministro David Collado en DATE<\/figcaption><\/figure>\n<p style=\"text-align: left;\">Durante el reciente Dominican Annual Tourism Exchange (DATE), la l\u00ednea a\u00e9rea Skyhigh dominicana, representada por la reconocida ejecutiva Cesarina Beauchamp, ha destacado su importancia para el sector tur\u00edstico de la Rep\u00fablica Dominicana.<\/p>\n<p>Skyhigh dominicana es una aerol\u00ednea de bandera dominicana que se ha consolidado en los \u00faltimos a\u00f1os como una de las principales opciones para los turistas que desean visitar el pa\u00eds caribe\u00f1o. Con una amplia oferta de destinos nacionales e internacionales, esta aerol\u00ednea se ha convertido en un aliado estrat\u00e9gico para las agencias de viajes y los hoteles de la regi\u00f3n.<\/p>\n<p>En el marco de DATE, Cesarina Beauchamp ha resaltado la importancia de contar con una aerol\u00ednea nacional fuerte y confiable para impulsar el turismo en Rep\u00fablica Dominicana. Gracias a la eficiencia y calidad de los servicios de Skyhigh dominicana, los turistas pueden planificar sus viajes con mayor comodidad y seguridad, lo que contribuye a mejorar la experiencia de los visitantes y a promover el crecimiento del sector tur\u00edstico.<\/p>\n<p>Adem\u00e1s, la presencia de Skyhigh dominicana en ferias y eventos tur\u00edsticos como DATE permite establecer alianzas estrat\u00e9gicas con otros actores clave del sector, como agencias de viajes, hoteles, restaurantes y empresas de transporte. De esta manera, se fortalece la cadena de valor del turismo en la Rep\u00fablica Dominicana y se generan oportunidades de negocio para todos los participantes, con la excelencia en el servicio y la promoci\u00f3n del destino contribuyen a fortalecer la posici\u00f3n del pa\u00eds como uno de los principales destinos tur\u00edsticos del Caribe.<\/p>\n","protected":false},"excerpt":{"rendered":"<p>Durante el reciente Dominican Annual Tourism Exchange (DATE), la l\u00ednea a\u00e9rea Skyhigh dominicana, representada por la reconocida ejecutiva Cesarina Beauchamp, ha destacado su importancia para el sector tur\u00edstico de la Rep\u00fablica Dominicana. Skyhigh dominicana es una aerol\u00ednea de bandera dominicana que se ha consolidado en los \u00faltimos a\u00f1os como una de las principales opciones para [&hellip;]<\/p>\n","protected":false},"author":1,"featured_media":657,"comment_status":"open","ping_status":"open","sticky":false,"template":"","format":"standard","meta":{"om_disable_all_campaigns":false,"_monsterinsights_skip_tracking":false,"_monsterinsights_sitenote_active":false,"_monsterinsights_sitenote_note":"","_monsterinsights_sitenote_category":0,"footnotes":""},"categories":[20],"tags":[157,169,170,171],"class_list":{"0":"post-656","1":"post","2":"type-post","3":"status-publish","4":"format-standard","5":"has-post-thumbnail","7":"category-turismo","8":"tag-cesarina-beauchamps","9":"tag-skyhigh-com","10":"tag-skyhighairlines","11":"tag-vuelos-a-miami"},"aioseo_notices":[],"_links":{"self":[{"href":"https:\/\/periodicolarepublica.com\/index.php\/wp-json\/wp\/v2\/posts\/656","targetHints":{"allow":["GET"]}}],"collection":[{"href":"https:\/\/periodicolarepublica.com\/index.php\/wp-json\/wp\/v2\/posts"}],"about":[{"href":"https:\/\/periodicolarepublica.com\/index.php\/wp-json\/wp\/v2\/types\/post"}],"author":[{"embeddable":true,"href":"https:\/\/periodicolarepublica.com\/index.php\/wp-json\/wp\/v2\/users\/1"}],"replies":[{"embeddable":true,"href":"https:\/\/periodicolarepublica.com\/index.php\/wp-json\/wp\/v2\/comments?post=656"}],"version-history":[{"count":1,"href":"https:\/\/periodicolarepublica.com\/index.php\/wp-json\/wp\/v2\/posts\/656\/revisions"}],"predecessor-version":[{"id":658,"href":"https:\/\/periodicolarepublica.com\/index.php\/wp-json\/wp\/v2\/posts\/656\/revisions\/658"}],"wp:featuredmedia":[{"embeddable":true,"href":"https:\/\/periodicolarepublica.com\/index.php\/wp-json\/wp\/v2\/media\/657"}],"wp:attachment":[{"href":"https:\/\/periodicolarepublica.com\/index.php\/wp-json\/wp\/v2\/media?parent=656"}],"wp:term":[{"taxonomy":"category","embeddable":true,"href":"https:\/\/periodicolarepublica.com\/index.php\/wp-json\/wp\/v2\/categories?post=656"},{"taxonomy":"post_tag","embeddable":true,"href":"https:\/\/periodicolarepublica.com\/index.php\/wp-json\/wp\/v2\/tags?post=656"}],"curies":[{"name":"wp","href":"https:\/\/api.w.org\/{rel}","templated":true}]}}